{"id":73726,"date":"2018-11-21T10:29:22","date_gmt":"2018-11-21T13:29:22","guid":{"rendered":"http:\/\/www.caririemacao.com\/1\/?p=73726"},"modified":"2018-11-21T10:29:22","modified_gmt":"2018-11-21T13:29:22","slug":"prefeita-anna-lorena-cumpre-extensa-agenda-no-segundo-dia-de-visita-a-alemanha","status":"publish","type":"post","link":"https:\/\/www.caririemacao.com\/1\/2018\/11\/21\/prefeita-anna-lorena-cumpre-extensa-agenda-no-segundo-dia-de-visita-a-alemanha\/","title":{"rendered":"Prefeita Anna Lorena cumpre extensa agenda no segundo dia de visita a Alemanha"},"content":{"rendered":"<p>Na manh\u00e3 desta ter\u00e7a-feira, 20, as prefeitas brasileiras que cumprem miss\u00e3o oficial na Alemanha visitaram a cidade de Greifswald que possui pol\u00edticas p\u00fablicas ambiciosas para alcan\u00e7ar as metas de desenvolvimento sustent\u00e1vel nas \u00e1reas de gera\u00e7\u00e3o de energia, mobilidade, edifica\u00e7\u00f5es sustent\u00e1veis e tratamento do lixo.<\/p>\n<p>Como integrante da comitiva a prefeita de Monteiro (PB) avaliou como altamente positiva a agenda desta ter\u00e7a-feira, principalmente na experi\u00eancia adquirida com rela\u00e7\u00e3o ao meio ambiente e educa\u00e7\u00e3o e a import\u00e2ncia do turismo na atra\u00e7\u00e3o de investimentos para os munic\u00edpios que n\u00e3o possuem ind\u00fastrias.<\/p>\n<p>No per\u00edodo da tarde a prefeita Anna Lorena e as demais gestoras visitaram a empresa de elimina\u00e7\u00e3o de res\u00edduos Greifswald e conversaram sobre sua opera\u00e7\u00e3o e modelo de financiamento.<\/p>\n<p>Ainda durante a tarde visitaram uma escola que tem pr\u00e1ticas ambientais sustent\u00e1veis.<\/p>\n<p>Para a prefeita Anna Lorena a experi\u00eancia adquirida nesta segunda viagem a Alemanha tem sido bastante proveitosa, superando a do ano passado, quando tamb\u00e9m integrou uma comitiva brasileira a convite da CNM \u2013 Confedera\u00e7\u00e3o Nacional dos Munic\u00edpios.<\/p>\n<p>Ascom\/Monteiro<\/p>\n","protected":false},"excerpt":{"rendered":"<p>Na manh\u00e3 desta ter\u00e7a-feira, 20, as prefeitas brasileiras que cumprem miss\u00e3o oficial na Alemanha visitaram a cidade de Greifswald que possui pol\u00edticas p\u00fablicas ambiciosas para&hellip; <\/p>\n","protected":false},"author":1,"featured_media":73727,"comment_status":"closed","ping_status":"closed","sticky":false,"template":"","format":"standard","meta":{"sfsi_plus_gutenberg_text_before_share":"","sfsi_plus_gutenberg_show_text_before_share":"","sfsi_plus_gutenberg_icon_type":"","sfsi_plus_gutenberg_icon_alignemt":"","sfsi_plus_gutenburg_max_per_row":"","footnotes":""},"categories":[50,11],"tags":[],"class_list":["post-73726","post","type-post","status-publish","format-standard","has-post-thumbnail","hentry","category-destaque","category-politica"],"_links":{"self":[{"href":"https:\/\/www.caririemacao.com\/1\/wp-json\/wp\/v2\/posts\/73726","targetHints":{"allow":["GET"]}}],"collection":[{"href":"https:\/\/www.caririemacao.com\/1\/wp-json\/wp\/v2\/posts"}],"about":[{"href":"https:\/\/www.caririemacao.com\/1\/wp-json\/wp\/v2\/types\/post"}],"author":[{"embeddable":true,"href":"https:\/\/www.caririemacao.com\/1\/wp-json\/wp\/v2\/users\/1"}],"replies":[{"embeddable":true,"href":"https:\/\/www.caririemacao.com\/1\/wp-json\/wp\/v2\/comments?post=73726"}],"version-history":[{"count":1,"href":"https:\/\/www.caririemacao.com\/1\/wp-json\/wp\/v2\/posts\/73726\/revisions"}],"predecessor-version":[{"id":73728,"href":"https:\/\/www.caririemacao.com\/1\/wp-json\/wp\/v2\/posts\/73726\/revisions\/73728"}],"wp:featuredmedia":[{"embeddable":true,"href":"https:\/\/www.caririemacao.com\/1\/wp-json\/wp\/v2\/media\/73727"}],"wp:attachment":[{"href":"https:\/\/www.caririemacao.com\/1\/wp-json\/wp\/v2\/media?parent=73726"}],"wp:term":[{"taxonomy":"category","embeddable":true,"href":"https:\/\/www.caririemacao.com\/1\/wp-json\/wp\/v2\/categories?post=73726"},{"taxonomy":"post_tag","embeddable":true,"href":"https:\/\/www.caririemacao.com\/1\/wp-json\/wp\/v2\/tags?post=73726"}],"curies":[{"name":"wp","href":"https:\/\/api.w.org\/{rel}","templated":true}]}}