{"id":73729,"date":"2018-11-21T10:32:07","date_gmt":"2018-11-21T13:32:07","guid":{"rendered":"http:\/\/www.caririemacao.com\/1\/?p=73729"},"modified":"2018-11-21T10:32:07","modified_gmt":"2018-11-21T13:32:07","slug":"prefeito-em-exercicio-e-vereadores-da-cidade-de-monteiro-realizam-visita-a-diversas-obras","status":"publish","type":"post","link":"https:\/\/www.caririemacao.com\/1\/2018\/11\/21\/prefeito-em-exercicio-e-vereadores-da-cidade-de-monteiro-realizam-visita-a-diversas-obras\/","title":{"rendered":"Prefeito em exerc\u00edcio e vereadores da cidade de Monteiro realizam visita \u00e0 diversas obras"},"content":{"rendered":"<p>O prefeito em exerc\u00edcio Celecileno Alves esteve acompanhado dos vereadores Bero de Bertino, Raul Formiga, Caj\u00f3 Menezes e Toinho de Nequinho. Eles estiveram visitando as obras do novo pr\u00e9dio da UEPB, que segundo o prefeito em exerc\u00edcio est\u00e1 praticamente pronto para entrega \u00e0 comunidade de acordo com o que j\u00e1 havia sido comunicado nesta segunda-feira pelo governador Ricardo Coutinho.<\/p>\n<p>Tamb\u00e9m foi realizada visita \u00e0s obras de cal\u00e7amento em v\u00e1rios bairros, entre eles, nas ruas que ficam por tr\u00e1s da escola Lourdinas, e tamb\u00e9m nas ruas por tr\u00e1s da serraria de Z\u00e9 dos Cachimbos.<\/p>\n<p>\u201cNesta quarta feira, vamos fazer novas visitas a obras. Monteiro \u00e9 um canteiro de obras realmente. E n\u00f3s estamos cumprindo com nosso papel, vistoriando, e ouvindo a popula\u00e7\u00e3o, e o que \u00e9 mais importante, ouvindo os relatos positivos e verdadeiros da popula\u00e7\u00e3o sobre o trabalho da nossa gest\u00e3o\u201d, disse Celecileno.<\/p>\n<p>F\u00e1bio Brito<\/p>\n","protected":false},"excerpt":{"rendered":"<p>O prefeito em exerc\u00edcio Celecileno Alves esteve acompanhado dos vereadores Bero de Bertino, Raul Formiga, Caj\u00f3 Menezes e Toinho de Nequinho. Eles estiveram visitando as&hellip; <\/p>\n","protected":false},"author":1,"featured_media":73730,"comment_status":"closed","ping_status":"closed","sticky":false,"template":"","format":"standard","meta":{"sfsi_plus_gutenberg_text_before_share":"","sfsi_plus_gutenberg_show_text_before_share":"","sfsi_plus_gutenberg_icon_type":"","sfsi_plus_gutenberg_icon_alignemt":"","sfsi_plus_gutenburg_max_per_row":"","footnotes":""},"categories":[6],"tags":[],"class_list":["post-73729","post","type-post","status-publish","format-standard","has-post-thumbnail","hentry","category-cidades"],"_links":{"self":[{"href":"https:\/\/www.caririemacao.com\/1\/wp-json\/wp\/v2\/posts\/73729","targetHints":{"allow":["GET"]}}],"collection":[{"href":"https:\/\/www.caririemacao.com\/1\/wp-json\/wp\/v2\/posts"}],"about":[{"href":"https:\/\/www.caririemacao.com\/1\/wp-json\/wp\/v2\/types\/post"}],"author":[{"embeddable":true,"href":"https:\/\/www.caririemacao.com\/1\/wp-json\/wp\/v2\/users\/1"}],"replies":[{"embeddable":true,"href":"https:\/\/www.caririemacao.com\/1\/wp-json\/wp\/v2\/comments?post=73729"}],"version-history":[{"count":1,"href":"https:\/\/www.caririemacao.com\/1\/wp-json\/wp\/v2\/posts\/73729\/revisions"}],"predecessor-version":[{"id":73731,"href":"https:\/\/www.caririemacao.com\/1\/wp-json\/wp\/v2\/posts\/73729\/revisions\/73731"}],"wp:featuredmedia":[{"embeddable":true,"href":"https:\/\/www.caririemacao.com\/1\/wp-json\/wp\/v2\/media\/73730"}],"wp:attachment":[{"href":"https:\/\/www.caririemacao.com\/1\/wp-json\/wp\/v2\/media?parent=73729"}],"wp:term":[{"taxonomy":"category","embeddable":true,"href":"https:\/\/www.caririemacao.com\/1\/wp-json\/wp\/v2\/categories?post=73729"},{"taxonomy":"post_tag","embeddable":true,"href":"https:\/\/www.caririemacao.com\/1\/wp-json\/wp\/v2\/tags?post=73729"}],"curies":[{"name":"wp","href":"https:\/\/api.w.org\/{rel}","templated":true}]}}