{"id":73732,"date":"2018-11-21T10:37:48","date_gmt":"2018-11-21T13:37:48","guid":{"rendered":"http:\/\/www.caririemacao.com\/1\/?p=73732"},"modified":"2018-11-21T10:37:48","modified_gmt":"2018-11-21T13:37:48","slug":"ricardo-e-joao-se-reunem-com-sergio-moro-e-governadores-em-brasilia","status":"publish","type":"post","link":"https:\/\/www.caririemacao.com\/1\/2018\/11\/21\/ricardo-e-joao-se-reunem-com-sergio-moro-e-governadores-em-brasilia\/","title":{"rendered":"Ricardo e Jo\u00e3o se re\u00fanem com S\u00e9rgio Moro e governadores em Bras\u00edlia"},"content":{"rendered":"<p>Os governadores do Nordeste, incluindo os atuais e os eleitos, se re\u00fanem nesta quarta-feira (21), em Bras\u00edlia, para ajustar as propostas apresentadas ao presidente eleito, Jair Bolsonaro, na semana passada. O atual governador da Para\u00edba, Ricardo Coutinho (PSB) e o eleito Jo\u00e3o Azev\u00eado (PSB) tamb\u00e9m participam do encontro.<\/p>\n<p>Nessa reuni\u00e3o, Bolsonaro ser\u00e1 representado pelo ministro indicado da Justi\u00e7a e Seguran\u00e7a P\u00fablica, Sergio Moro.\u00a0A ideia, segundo o governador reeleito do Piau\u00ed, Wellington Dias (PT), \u00e9 debater detalhadamente a pauta e fechar uma agenda \u00fanica que ser\u00e1 levada ao encontro de governadores, no dia 12 de dezembro.<\/p>\n<p>\u201cSomos parte da federa\u00e7\u00e3o e queremos dialogar e integrar a\u00e7\u00f5es com o governo federal\u201d, afirmou Dias, que j\u00e1 est\u00e1 em Bras\u00edlia preparando a reuni\u00e3o do F\u00f3rum de Governadores do Nordeste.<\/p>\n<p>A pauta j\u00e1 vem sendo debatida com o governo do presidente Michel Temer, mas alguns pontos n\u00e3o avan\u00e7aram. Os temas priorit\u00e1rios s\u00e3o seguran\u00e7a p\u00fablica e controle das fronteiras, combate ao desemprego, crescimento econ\u00f4mico, retomada de obras, como a ferrovia Transnordestina e a transposi\u00e7\u00e3o do Rio S\u00e3o Francisco, pol\u00edtica de cr\u00e9ditos, pol\u00edtica industrial focada no Nordeste, pol\u00edtica de recursos h\u00eddricos e equil\u00edbrio fiscal, incluindo a reforma da Previd\u00eancia.<\/p>\n<p>Para Dias, \u00e9 necess\u00e1rio priorizar temas que s\u00e3o importantes para a popula\u00e7\u00e3o, como o crescimento econ\u00f4mico e a gera\u00e7\u00e3o de empregos. \u201cComo se faz isso? Com a retomada de obras que est\u00e3o paralisadas ou andando muito devagar. Em cada estado h\u00e1 um conjunto de obras que, sendo retomadas, v\u00e3o gerar empregos\u201d, disse Dias, acrescentando que a ideia \u00e9 integrar a\u00e7\u00f5es do governo federal, dos estados, dos munic\u00edpios e da iniciativa privada.<\/p>\n<p>Um dos caminhos apontados pelo governador para aliviar as finan\u00e7as dos entes federados \u00e9 o projeto de securitiza\u00e7\u00e3o das d\u00edvidas. A proposta, j\u00e1 aprovada no Senado, prev\u00ea a possibilidade de venda dos cr\u00e9ditos a serem recebidos pela Uni\u00e3o, pelos estados e pelos munic\u00edpios. Ainda precisa ser votada na C\u00e2mara.<\/p>\n<p>&nbsp;<\/p>\n<p>Ag\u00eancia Brasil<\/p>\n","protected":false},"excerpt":{"rendered":"<p>Os governadores do Nordeste, incluindo os atuais e os eleitos, se re\u00fanem nesta quarta-feira (21), em Bras\u00edlia, para ajustar as propostas apresentadas ao presidente eleito,&hellip; <\/p>\n","protected":false},"author":1,"featured_media":73733,"comment_status":"closed","ping_status":"closed","sticky":false,"template":"","format":"standard","meta":{"sfsi_plus_gutenberg_text_before_share":"","sfsi_plus_gutenberg_show_text_before_share":"","sfsi_plus_gutenberg_icon_type":"","sfsi_plus_gutenberg_icon_alignemt":"","sfsi_plus_gutenburg_max_per_row":"","footnotes":""},"categories":[11],"tags":[],"class_list":["post-73732","post","type-post","status-publish","format-standard","has-post-thumbnail","hentry","category-politica"],"_links":{"self":[{"href":"https:\/\/www.caririemacao.com\/1\/wp-json\/wp\/v2\/posts\/73732","targetHints":{"allow":["GET"]}}],"collection":[{"href":"https:\/\/www.caririemacao.com\/1\/wp-json\/wp\/v2\/posts"}],"about":[{"href":"https:\/\/www.caririemacao.com\/1\/wp-json\/wp\/v2\/types\/post"}],"author":[{"embeddable":true,"href":"https:\/\/www.caririemacao.com\/1\/wp-json\/wp\/v2\/users\/1"}],"replies":[{"embeddable":true,"href":"https:\/\/www.caririemacao.com\/1\/wp-json\/wp\/v2\/comments?post=73732"}],"version-history":[{"count":1,"href":"https:\/\/www.caririemacao.com\/1\/wp-json\/wp\/v2\/posts\/73732\/revisions"}],"predecessor-version":[{"id":73734,"href":"https:\/\/www.caririemacao.com\/1\/wp-json\/wp\/v2\/posts\/73732\/revisions\/73734"}],"wp:featuredmedia":[{"embeddable":true,"href":"https:\/\/www.caririemacao.com\/1\/wp-json\/wp\/v2\/media\/73733"}],"wp:attachment":[{"href":"https:\/\/www.caririemacao.com\/1\/wp-json\/wp\/v2\/media?parent=73732"}],"wp:term":[{"taxonomy":"category","embeddable":true,"href":"https:\/\/www.caririemacao.com\/1\/wp-json\/wp\/v2\/categories?post=73732"},{"taxonomy":"post_tag","embeddable":true,"href":"https:\/\/www.caririemacao.com\/1\/wp-json\/wp\/v2\/tags?post=73732"}],"curies":[{"name":"wp","href":"https:\/\/api.w.org\/{rel}","templated":true}]}}