{"id":73741,"date":"2018-11-21T10:50:50","date_gmt":"2018-11-21T13:50:50","guid":{"rendered":"http:\/\/www.caririemacao.com\/1\/?p=73741"},"modified":"2018-11-21T10:50:50","modified_gmt":"2018-11-21T13:50:50","slug":"renovacao-de-matriculas-para-veteranos-da-rede-estadual-comeca-nesta-quarta-feira","status":"publish","type":"post","link":"https:\/\/www.caririemacao.com\/1\/2018\/11\/21\/renovacao-de-matriculas-para-veteranos-da-rede-estadual-comeca-nesta-quarta-feira\/","title":{"rendered":"Renova\u00e7\u00e3o de matr\u00edculas para veteranos da rede estadual come\u00e7a nesta quarta-feira"},"content":{"rendered":"<p>A renova\u00e7\u00e3o das matr\u00edculas para os alunos veteranos na rede estadual come\u00e7a nesta quarta-feira (21) e vai at\u00e9 o dia 30 de novembro, de acordo com o secret\u00e1rio da educa\u00e7\u00e3o, Al\u00e9ssio Trindade. J\u00e1 o per\u00edodo para matr\u00edculas de novos alunos acontece entre 3 e 21 de dezembro.<\/p>\n<p>\u201cS\u00e3o ofertadas cerca de 500 mil vagas na rede estadual. O que vem ocorrendo na Para\u00edba, nos \u00faltimos anos, \u00e9 uma mudan\u00e7a de conceito da educa\u00e7\u00e3o. Sa\u00edmos de um modelo semelhante ao industrial, para um modelo participativo, onde o jovem \u00e9 protagonista. A escola deve estar preparada para formar pessoas capazes de construir seu pr\u00f3prio futuro\u201d, afirmou Al\u00e9ssio Trindade.<\/p>\n<p>Nesta ter\u00e7a-feira (20), o governador Ricardo Coutinho anunciou durante solenidade no Centro de Forma\u00e7\u00e3o de Educadores, em Jo\u00e3o Pessoa, a expans\u00e3o das Escolas Cidad\u00e3s Integrais na Para\u00edba. A partir de fevereiro do pr\u00f3ximo ano, mais 53 escolas da rede estadual funcionar\u00e3o no modelo integral, totalizando 153 Escolas Cidad\u00e3s Integrais no Estado com a oferta de 45 mil vagas. O governador tamb\u00e9m abriu oficialmente as matr\u00edculas para o ano letivo 2019 e lan\u00e7ou editais de Chamada P\u00fablica para aquisi\u00e7\u00e3o de g\u00eaneros da agricultura familiar para merenda das escolas da rede estadual de ensino.<\/p>\n<p>O Liceu Paraibano \u00e9 uma das escolas que passar\u00e3o a funcionar com ensino integral a partir do pr\u00f3ximo ano. Para o diretor da unidade de ensino, Oleg\u00e1rio Vieira, isso representa uma grande evolu\u00e7\u00e3o para os estudantes. \u201cA Para\u00edba est\u00e1 passando por uma revolu\u00e7\u00e3o na educa\u00e7\u00e3o. Fico muito feliz em saber que, em 2019, o Liceu Paraibano ser\u00e1 uma Escola Integral. Este modelo oferta um ensino com mais qualidade e dinamismo, sendo capaz de dar mais oportunidades aos estudantes\u201d, frisou o diretor.<\/p>\n<p>Os editais voltados \u00e0 agricultura familiar totalizam quase R$ 40 milh\u00f5es, provenientes do Programa Nacional de Alimenta\u00e7\u00e3o Escolar e Programa de Aux\u00edlio \u00e0 Alimenta\u00e7\u00e3o Escolar da Para\u00edba. Tamb\u00e9m estiveram presentes na solenidade a vice-governadora L\u00edgia Feliciano, o deputado federal Wilson Filho, auxiliares do Governo e outras autoridades.<\/p>\n<p>Durante a solenidade, o gerente executivo do Ensino M\u00e9dio da Secretaria de Educa\u00e7\u00e3o, Robson Ferreira, fez a apresenta\u00e7\u00e3o das Diretrizes Operacionais para o ano letivo 2019. \u201cTeremos a amplia\u00e7\u00e3o do movimento Se Liga no Enem, o fortalecimento da liberdade de c\u00e1tedra nas escolas da rede estadual, atividades variadas relacionadas ao Ano Cultural Jackson do Pandeiro e outras a\u00e7\u00f5es. Todas as Diretrizes est\u00e3o dispon\u00edveis no site do Governo do Estado\u201d, falou.<\/p>\n<p>Editais de chamada p\u00fablica para aquisi\u00e7\u00e3o de g\u00eaneros da agricultura familiar &#8211; S\u00e3o 14 editais de chamada p\u00fablica, um para cada Ger\u00eancia Regional de Ensino, que objetivam adquirir g\u00eaneros aliment\u00edcios advindos da agricultura familiar para as merendas escolares, que atender\u00e3o de forma universal os alunos matriculados nas escolas da rede estadual de ensino. Esta a\u00e7\u00e3o tem promovido uma importante transforma\u00e7\u00e3o na alimenta\u00e7\u00e3o escolar, ao permitir que alimentos saud\u00e1veis e com v\u00ednculo regional, produzidos diretamente pela agricultura familiar, possam ser consumidos diariamente pelos estudantes.<\/p>\n<p>\u201cEste Edital para merenda escolar \u00e9 fundamental para incentivar e movimentar a agricultura familiar no Estado e tamb\u00e9m para melhorar a qualidade da alimenta\u00e7\u00e3o dos estudantes que passam o dia nas escolas. \u00c9 a garantia de que os alunos est\u00e3o sendo alimentados da forma adequada\u201d, observou o governador Ricardo Coutinho.<\/p>\n<p>Israel Bezerra faz parte da Cooperativa Agroindustrial de Piabu\u00e7u (Frutia\u00e7u), que trabalha com a produ\u00e7\u00e3o de polpa de frutas. Ele comentou que a parceria com o Governo do Estado ampliou a produ\u00e7\u00e3o, gerou empregos e fortaleceu a cooperativa. \u201cH\u00e1 dois anos, a cooperativa processava em torno de 500 quilos de polpa por m\u00eas, hoje s\u00e3o 14 mil quilos de polpa que s\u00e3o entregues ao Governo da Para\u00edba, ou seja, um aumento enorme da produ\u00e7\u00e3o. Tamb\u00e9m foi bom para ampliarmos o n\u00famero de pessoas trabalhando na cooperativa. Antes t\u00ednhamos dois trabalhadores, hoje temos 12 pessoas atuando na produ\u00e7\u00e3o da nossa polpa\u201d, disse.<\/p>\n<p>Diretrizes Operacionais para o ano letivo 2019 &#8211; Nestas diretrizes s\u00e3o indicadas normas e procedimentos nos termos da Portaria no 1254\/2017; encaminhamentos operacionais para a gest\u00e3o escolar, al\u00e9m de orienta\u00e7\u00f5es pedag\u00f3gicas para a implementa\u00e7\u00e3o e organiza\u00e7\u00e3o de projetos educacionais nas escolas.<\/p>\n<p>Outro marco importante delineado neste documento s\u00e3o as matrizes curriculares que consolidam todos os cursos ofertados pela Rede Estadual de Ensino. 2019 ser\u00e1 o ano de celebra\u00e7\u00e3o do centen\u00e1rio de nascimento do paraibano Jos\u00e9 Gomes Filho, popularmente conhecido como Jackson do Pandeiro, por meio da realiza\u00e7\u00e3o de atividades vinculadas ao Ano Cultural Jackson do Pandeiro (Decreto No 38.694 de 02 de outubro de 2018). Durante todo o ano, ser\u00e3o promovidas atividades culturais e socioesportivas no \u00e2mbito escolar, mobilizando alunos, professores, servidores e a comunidade no sentido de homenagear Jackson do Pandeiro.<\/p>\n<p>&nbsp;<\/p>\n","protected":false},"excerpt":{"rendered":"<p>A renova\u00e7\u00e3o das matr\u00edculas para os alunos veteranos na rede estadual come\u00e7a nesta quarta-feira (21) e vai at\u00e9 o dia 30 de novembro, de acordo&hellip; <\/p>\n","protected":false},"author":1,"featured_media":73742,"comment_status":"closed","ping_status":"closed","sticky":false,"template":"","format":"standard","meta":{"sfsi_plus_gutenberg_text_before_share":"","sfsi_plus_gutenberg_show_text_before_share":"","sfsi_plus_gutenberg_icon_type":"","sfsi_plus_gutenberg_icon_alignemt":"","sfsi_plus_gutenburg_max_per_row":"","footnotes":""},"categories":[14],"tags":[],"class_list":["post-73741","post","type-post","status-publish","format-standard","has-post-thumbnail","hentry","category-educacao"],"_links":{"self":[{"href":"https:\/\/www.caririemacao.com\/1\/wp-json\/wp\/v2\/posts\/73741","targetHints":{"allow":["GET"]}}],"collection":[{"href":"https:\/\/www.caririemacao.com\/1\/wp-json\/wp\/v2\/posts"}],"about":[{"href":"https:\/\/www.caririemacao.com\/1\/wp-json\/wp\/v2\/types\/post"}],"author":[{"embeddable":true,"href":"https:\/\/www.caririemacao.com\/1\/wp-json\/wp\/v2\/users\/1"}],"replies":[{"embeddable":true,"href":"https:\/\/www.caririemacao.com\/1\/wp-json\/wp\/v2\/comments?post=73741"}],"version-history":[{"count":1,"href":"https:\/\/www.caririemacao.com\/1\/wp-json\/wp\/v2\/posts\/73741\/revisions"}],"predecessor-version":[{"id":73743,"href":"https:\/\/www.caririemacao.com\/1\/wp-json\/wp\/v2\/posts\/73741\/revisions\/73743"}],"wp:featuredmedia":[{"embeddable":true,"href":"https:\/\/www.caririemacao.com\/1\/wp-json\/wp\/v2\/media\/73742"}],"wp:attachment":[{"href":"https:\/\/www.caririemacao.com\/1\/wp-json\/wp\/v2\/media?parent=73741"}],"wp:term":[{"taxonomy":"category","embeddable":true,"href":"https:\/\/www.caririemacao.com\/1\/wp-json\/wp\/v2\/categories?post=73741"},{"taxonomy":"post_tag","embeddable":true,"href":"https:\/\/www.caririemacao.com\/1\/wp-json\/wp\/v2\/tags?post=73741"}],"curies":[{"name":"wp","href":"https:\/\/api.w.org\/{rel}","templated":true}]}}