{"id":73745,"date":"2018-11-21T12:17:34","date_gmt":"2018-11-21T15:17:34","guid":{"rendered":"http:\/\/www.caririemacao.com\/1\/?p=73745"},"modified":"2018-11-21T15:11:48","modified_gmt":"2018-11-21T18:11:48","slug":"11o-batalhao-da-pm-entrega-1o-uniforme-aos-soldados-recrutas-em-sume","status":"publish","type":"post","link":"https:\/\/www.caririemacao.com\/1\/2018\/11\/21\/11o-batalhao-da-pm-entrega-1o-uniforme-aos-soldados-recrutas-em-sume\/","title":{"rendered":"11\u00ba Batalh\u00e3o da PM entrega 1\u00ba uniforme aos soldados recrutas em Sum\u00e9"},"content":{"rendered":"<p>O 11\u00ba Batalh\u00e3o da Pol\u00edcia Militar entregou na manh\u00e3 desta quarta-fera, dia 21, o 1\u00ba uniforme aos soldados recrutas que fazem parte da turma de forma\u00e7\u00e3o de soldados na Escola em Sum\u00e9.<\/p>\n<p>Foram cerca de 30 alunos que receberam o uniforme em um solenidade bastante prestigiada realizada na Pra\u00e7a Jos\u00e9 Am\u00e9rico, no centro de Sum\u00e9.<\/p>\n<p><img fetchpriority=\"high\" decoding=\"async\" class=\"aligncenter wp-image-73749 size-large\" src=\"http:\/\/www.caririemacao.com\/1\/wp-content\/uploads\/2018\/11\/IMG_9213-1024x683.jpg\" alt=\"\" width=\"800\" height=\"534\" srcset=\"https:\/\/www.caririemacao.com\/1\/wp-content\/uploads\/2018\/11\/IMG_9213-1024x683.jpg 1024w, https:\/\/www.caririemacao.com\/1\/wp-content\/uploads\/2018\/11\/IMG_9213-300x200.jpg 300w, https:\/\/www.caririemacao.com\/1\/wp-content\/uploads\/2018\/11\/IMG_9213-768x512.jpg 768w, https:\/\/www.caririemacao.com\/1\/wp-content\/uploads\/2018\/11\/IMG_9213.jpg 1600w\" sizes=\"(max-width: 800px) 100vw, 800px\" \/><\/p>\n<p>Participaram da cerim\u00f4nia, o comandante do 11\u00ba BPM, major Adalireno Samaroni Delgado da Costa, militares que fazem parte do batalh\u00e3o, em especial da Cia da PM de Sum\u00e9, o prefeito da cidade de Sum\u00e9, \u00c9den Duarte, e secret\u00e1rios municipais.<\/p>\n<p><img decoding=\"async\" class=\"alignnone wp-image-73752 size-large lazyload\" data-src=\"http:\/\/www.caririemacao.com\/1\/wp-content\/uploads\/2018\/11\/IMG_9220-1024x683.jpg\" alt=\"\" width=\"800\" height=\"534\" data-srcset=\"https:\/\/www.caririemacao.com\/1\/wp-content\/uploads\/2018\/11\/IMG_9220-1024x683.jpg 1024w, https:\/\/www.caririemacao.com\/1\/wp-content\/uploads\/2018\/11\/IMG_9220-300x200.jpg 300w, https:\/\/www.caririemacao.com\/1\/wp-content\/uploads\/2018\/11\/IMG_9220-768x512.jpg 768w, https:\/\/www.caririemacao.com\/1\/wp-content\/uploads\/2018\/11\/IMG_9220.jpg 1600w\" data-sizes=\"(max-width: 800px) 100vw, 800px\" src=\"data:image\/svg+xml;base64,PHN2ZyB3aWR0aD0iMSIgaGVpZ2h0PSIxIiB4bWxucz0iaHR0cDovL3d3dy53My5vcmcvMjAwMC9zdmciPjwvc3ZnPg==\" style=\"--smush-placeholder-width: 800px; --smush-placeholder-aspect-ratio: 800\/534;\" \/><\/p>\n<p>A solenidade tamb\u00e9m contou com a presen\u00e7a da banda militar de Campina Grande que abrilhantou o evento.<\/p>\n<p><a href=\"https:\/\/www.facebook.com\/pg\/CaririEmAcao\/photos\/?tab=album&amp;album_id=1411647635637922\">Confira todas as fotos, clicando <strong>AQUI.<\/strong><\/a><\/p>\n","protected":false},"excerpt":{"rendered":"<p>O 11\u00ba Batalh\u00e3o da Pol\u00edcia Militar entregou na manh\u00e3 desta quarta-fera, dia 21, o 1\u00ba uniforme aos soldados recrutas que fazem parte da turma de&hellip; <\/p>\n","protected":false},"author":1,"featured_media":73746,"comment_status":"closed","ping_status":"closed","sticky":false,"template":"","format":"standard","meta":{"sfsi_plus_gutenberg_text_before_share":"","sfsi_plus_gutenberg_show_text_before_share":"","sfsi_plus_gutenberg_icon_type":"","sfsi_plus_gutenberg_icon_alignemt":"","sfsi_plus_gutenburg_max_per_row":"","footnotes":""},"categories":[2],"tags":[],"class_list":["post-73745","post","type-post","status-publish","format-standard","has-post-thumbnail","hentry","category-geral"],"_links":{"self":[{"href":"https:\/\/www.caririemacao.com\/1\/wp-json\/wp\/v2\/posts\/73745","targetHints":{"allow":["GET"]}}],"collection":[{"href":"https:\/\/www.caririemacao.com\/1\/wp-json\/wp\/v2\/posts"}],"about":[{"href":"https:\/\/www.caririemacao.com\/1\/wp-json\/wp\/v2\/types\/post"}],"author":[{"embeddable":true,"href":"https:\/\/www.caririemacao.com\/1\/wp-json\/wp\/v2\/users\/1"}],"replies":[{"embeddable":true,"href":"https:\/\/www.caririemacao.com\/1\/wp-json\/wp\/v2\/comments?post=73745"}],"version-history":[{"count":3,"href":"https:\/\/www.caririemacao.com\/1\/wp-json\/wp\/v2\/posts\/73745\/revisions"}],"predecessor-version":[{"id":73787,"href":"https:\/\/www.caririemacao.com\/1\/wp-json\/wp\/v2\/posts\/73745\/revisions\/73787"}],"wp:featuredmedia":[{"embeddable":true,"href":"https:\/\/www.caririemacao.com\/1\/wp-json\/wp\/v2\/media\/73746"}],"wp:attachment":[{"href":"https:\/\/www.caririemacao.com\/1\/wp-json\/wp\/v2\/media?parent=73745"}],"wp:term":[{"taxonomy":"category","embeddable":true,"href":"https:\/\/www.caririemacao.com\/1\/wp-json\/wp\/v2\/categories?post=73745"},{"taxonomy":"post_tag","embeddable":true,"href":"https:\/\/www.caririemacao.com\/1\/wp-json\/wp\/v2\/tags?post=73745"}],"curies":[{"name":"wp","href":"https:\/\/api.w.org\/{rel}","templated":true}]}}