{"id":73759,"date":"2018-11-21T13:31:41","date_gmt":"2018-11-21T16:31:41","guid":{"rendered":"http:\/\/www.caririemacao.com\/1\/?p=73759"},"modified":"2018-11-21T13:31:41","modified_gmt":"2018-11-21T16:31:41","slug":"moradia-seguranca-transposicao-e-rodovias-governadores-do-nordeste-formatam-carta-para-bolsonaro-veja-documento","status":"publish","type":"post","link":"https:\/\/www.caririemacao.com\/1\/2018\/11\/21\/moradia-seguranca-transposicao-e-rodovias-governadores-do-nordeste-formatam-carta-para-bolsonaro-veja-documento\/","title":{"rendered":"MORADIA, SEGURAN\u00c7A, TRANSPOSI\u00c7\u00c3O E RODOVIAS: Governadores do Nordeste formatam carta para Bolsonaro \u2013 VEJA DOCUMENTO"},"content":{"rendered":"<p>A reuni\u00e3o dos governadores nordestinos realizada na manh\u00e3 desta quarta-feira, 21, resultou na formata\u00e7\u00e3o de uma carta que ser\u00e1 apresentada em futura reuni\u00e3o com o presidente eleito, Jair Bolsonaro (PSL). Os gestores atuais e os que tomar\u00e3o posse no dia primeiro de janeiro de 2019 discutiram assuntos relacionados a diversas \u00e1reas da gest\u00e3o.<\/p>\n<p>A expectativa para a nova gest\u00e3o \u00e9, segundo o governador eleito da Para\u00edba, Jo\u00e3o Azevedo (PSB), que esteve no encontro acompanhando o governador Ricardo Coutinho, \u00e9 que abra-se a possibilidade de di\u00e1logo e colabora\u00e7\u00e3o entre o governo federal e os estados para solucionar os problemas relacionados a investimentos, previd\u00eancia e a formata\u00e7\u00e3o estrutural do novo governo.<\/p>\n<p>Na carta, os gestores pedem a retomada \u201curgente\u201d das obras federais nos estados, com destaque \u00e0s rodovias, moradias e transposi\u00e7\u00e3o do Rio S\u00e3o Francisco, al\u00e9m disso, fala tamb\u00e9m sobre o Pacto com os estados para ajudar na recupera\u00e7\u00e3o financeira, assim como parceria para combater o crime organizado, que atua em diversos estados do pa\u00eds.<\/p>\n<p>Leia a carta na \u00edntegra:<\/p>\n<p><a href=\"https:\/\/i2.wp.com\/www.polemicaparaiba.com.br\/wp-content\/uploads\/2018\/11\/WhatsApp-Image-2018-11-21-at-13.50.01.jpeg\" rel=\"lightbox[409119]\"><img fetchpriority=\"high\" decoding=\"async\" class=\"alignnone size-full wp-image-409121\" title=\"MORADIA, SEGURAN\u00c7A, TRANSPOSI\u00c7\u00c3O E RODOVIAS: Governadores do Nordeste formatam carta para Bolsonaro - VEJA DOCUMENTO\" src=\"https:\/\/i2.wp.com\/www.polemicaparaiba.com.br\/wp-content\/uploads\/2018\/11\/WhatsApp-Image-2018-11-21-at-13.50.01.jpeg?zoom=1.1024999499320984&amp;resize=750%2C420\" sizes=\"(max-width: 960px) 100vw, 960px\" srcset=\"https:\/\/i2.wp.com\/www.polemicaparaiba.com.br\/wp-content\/uploads\/2018\/11\/WhatsApp-Image-2018-11-21-at-13.50.01.jpeg?zoom=1.1024999499320984&amp;resize=750%2C420\" alt=\"WhatsApp Image 2018 11 21 at 13.50.01 - MORADIA, SEGURAN\u00c7A, TRANSPOSI\u00c7\u00c3O E RODOVIAS: Governadores do Nordeste formatam carta para Bolsonaro - VEJA DOCUMENTO\" width=\"750\" height=\"420\" \/><\/a><\/p>\n<p><a href=\"https:\/\/i2.wp.com\/www.polemicaparaiba.com.br\/wp-content\/uploads\/2018\/11\/WhatsApp-Image-2018-11-21-at-13.50.02-e1542816742435.jpeg\" rel=\"lightbox[409119]\"><img decoding=\"async\" class=\"alignnone size-full wp-image-409122 lazyload\" title=\"MORADIA, SEGURAN\u00c7A, TRANSPOSI\u00c7\u00c3O E RODOVIAS: Governadores do Nordeste formatam carta para Bolsonaro - VEJA DOCUMENTO\" data-src=\"https:\/\/i2.wp.com\/www.polemicaparaiba.com.br\/wp-content\/uploads\/2018\/11\/WhatsApp-Image-2018-11-21-at-13.50.02-e1542816742435.jpeg?zoom=1.1024999499320984&amp;resize=750%2C420\" data-sizes=\"(max-width: 960px) 100vw, 960px\" data-srcset=\"https:\/\/i2.wp.com\/www.polemicaparaiba.com.br\/wp-content\/uploads\/2018\/11\/WhatsApp-Image-2018-11-21-at-13.50.02-e1542816742435.jpeg?zoom=1.1024999499320984&amp;resize=750%2C420\" alt=\"WhatsApp Image 2018 11 21 at 13.50.02 e1542816742435 - MORADIA, SEGURAN\u00c7A, TRANSPOSI\u00c7\u00c3O E RODOVIAS: Governadores do Nordeste formatam carta para Bolsonaro - VEJA DOCUMENTO\" width=\"750\" height=\"420\" src=\"data:image\/svg+xml;base64,PHN2ZyB3aWR0aD0iMSIgaGVpZ2h0PSIxIiB4bWxucz0iaHR0cDovL3d3dy53My5vcmcvMjAwMC9zdmciPjwvc3ZnPg==\" style=\"--smush-placeholder-width: 750px; --smush-placeholder-aspect-ratio: 750\/420;\" \/><\/a><\/p>\n<p>&nbsp;<\/p>\n<p>Polemica PB<\/p>\n","protected":false},"excerpt":{"rendered":"<p>A reuni\u00e3o dos governadores nordestinos realizada na manh\u00e3 desta quarta-feira, 21, resultou na formata\u00e7\u00e3o de uma carta que ser\u00e1 apresentada em futura reuni\u00e3o com o&hellip; <\/p>\n","protected":false},"author":1,"featured_media":73760,"comment_status":"closed","ping_status":"closed","sticky":false,"template":"","format":"standard","meta":{"sfsi_plus_gutenberg_text_before_share":"","sfsi_plus_gutenberg_show_text_before_share":"","sfsi_plus_gutenberg_icon_type":"","sfsi_plus_gutenberg_icon_alignemt":"","sfsi_plus_gutenburg_max_per_row":"","footnotes":""},"categories":[50,11],"tags":[],"class_list":["post-73759","post","type-post","status-publish","format-standard","has-post-thumbnail","hentry","category-destaque","category-politica"],"_links":{"self":[{"href":"https:\/\/www.caririemacao.com\/1\/wp-json\/wp\/v2\/posts\/73759","targetHints":{"allow":["GET"]}}],"collection":[{"href":"https:\/\/www.caririemacao.com\/1\/wp-json\/wp\/v2\/posts"}],"about":[{"href":"https:\/\/www.caririemacao.com\/1\/wp-json\/wp\/v2\/types\/post"}],"author":[{"embeddable":true,"href":"https:\/\/www.caririemacao.com\/1\/wp-json\/wp\/v2\/users\/1"}],"replies":[{"embeddable":true,"href":"https:\/\/www.caririemacao.com\/1\/wp-json\/wp\/v2\/comments?post=73759"}],"version-history":[{"count":1,"href":"https:\/\/www.caririemacao.com\/1\/wp-json\/wp\/v2\/posts\/73759\/revisions"}],"predecessor-version":[{"id":73761,"href":"https:\/\/www.caririemacao.com\/1\/wp-json\/wp\/v2\/posts\/73759\/revisions\/73761"}],"wp:featuredmedia":[{"embeddable":true,"href":"https:\/\/www.caririemacao.com\/1\/wp-json\/wp\/v2\/media\/73760"}],"wp:attachment":[{"href":"https:\/\/www.caririemacao.com\/1\/wp-json\/wp\/v2\/media?parent=73759"}],"wp:term":[{"taxonomy":"category","embeddable":true,"href":"https:\/\/www.caririemacao.com\/1\/wp-json\/wp\/v2\/categories?post=73759"},{"taxonomy":"post_tag","embeddable":true,"href":"https:\/\/www.caririemacao.com\/1\/wp-json\/wp\/v2\/tags?post=73759"}],"curies":[{"name":"wp","href":"https:\/\/api.w.org\/{rel}","templated":true}]}}