{"id":73765,"date":"2018-11-21T13:50:20","date_gmt":"2018-11-21T16:50:20","guid":{"rendered":"http:\/\/www.caririemacao.com\/1\/?p=73765"},"modified":"2018-11-21T13:50:20","modified_gmt":"2018-11-21T16:50:20","slug":"prefeitura-de-sume-realiza-programacao-alusiva-ao-dia-de-combate-a-violencia-contra-a-mulher","status":"publish","type":"post","link":"https:\/\/www.caririemacao.com\/1\/2018\/11\/21\/prefeitura-de-sume-realiza-programacao-alusiva-ao-dia-de-combate-a-violencia-contra-a-mulher\/","title":{"rendered":"Prefeitura de Sum\u00e9 realiza programa\u00e7\u00e3o alusiva ao dia de combate \u00e0 viol\u00eancia contra a mulher"},"content":{"rendered":"<p>No pr\u00f3ximo 25 de novembro \u00e9 comemorado o Dia Internacional da N\u00e3o-Viol\u00eancia Contra a Mulher. Em todo o mundo, iniciativas de movimentos sociais buscam reduzir o quadro alarmante da viol\u00eancia dom\u00e9stica.<\/p>\n<p>No munic\u00edpio de Sum\u00e9, o Departamento de Divis\u00e3o de Prote\u00e7\u00e3o a Mulher e da Diversidade Humana realiza durante esta semana uma s\u00e9rie de a\u00e7\u00f5es para lembrar a data e conscientizar as mulheres sobre a import\u00e2ncia de denunciar.<\/p>\n<p>Nesta quarta-feira (21\/11) acontece uma palestra para dialogar sobre a viol\u00eancia contra a mulher. O evento \u00e9 aberto para toda a sociedade e ser\u00e1 realizado no audit\u00f3rio do Centro de Desenvolvimento Sustent\u00e1vel do Semi\u00e1rido (CDSA\/UFCG), da Universidade Federal de Campina Grande, a partir das 19h.<\/p>\n<p>Na segunda-feira, dia 26, uma caminhada acontece com concentra\u00e7\u00e3o a partir das 7:30h, na pra\u00e7a Jos\u00e9 Am\u00e9rico, percorrendo a Avenida Primeiro de Abril e culminando no Mercado P\u00fablico Municipal com panfletagem.<\/p>\n<p>S\u00e3o parceiros do evento a OAB Subse\u00e7\u00e3o do Cariri e o CDSA.<\/p>\n<p>Ascom\/PMS<\/p>\n","protected":false},"excerpt":{"rendered":"<p>No pr\u00f3ximo 25 de novembro \u00e9 comemorado o Dia Internacional da N\u00e3o-Viol\u00eancia Contra a Mulher. Em todo o mundo, iniciativas de movimentos sociais buscam reduzir&hellip; <\/p>\n","protected":false},"author":1,"featured_media":73766,"comment_status":"closed","ping_status":"closed","sticky":false,"template":"","format":"standard","meta":{"sfsi_plus_gutenberg_text_before_share":"","sfsi_plus_gutenberg_show_text_before_share":"","sfsi_plus_gutenberg_icon_type":"","sfsi_plus_gutenberg_icon_alignemt":"","sfsi_plus_gutenburg_max_per_row":"","footnotes":""},"categories":[6],"tags":[],"class_list":["post-73765","post","type-post","status-publish","format-standard","has-post-thumbnail","hentry","category-cidades"],"_links":{"self":[{"href":"https:\/\/www.caririemacao.com\/1\/wp-json\/wp\/v2\/posts\/73765","targetHints":{"allow":["GET"]}}],"collection":[{"href":"https:\/\/www.caririemacao.com\/1\/wp-json\/wp\/v2\/posts"}],"about":[{"href":"https:\/\/www.caririemacao.com\/1\/wp-json\/wp\/v2\/types\/post"}],"author":[{"embeddable":true,"href":"https:\/\/www.caririemacao.com\/1\/wp-json\/wp\/v2\/users\/1"}],"replies":[{"embeddable":true,"href":"https:\/\/www.caririemacao.com\/1\/wp-json\/wp\/v2\/comments?post=73765"}],"version-history":[{"count":1,"href":"https:\/\/www.caririemacao.com\/1\/wp-json\/wp\/v2\/posts\/73765\/revisions"}],"predecessor-version":[{"id":73767,"href":"https:\/\/www.caririemacao.com\/1\/wp-json\/wp\/v2\/posts\/73765\/revisions\/73767"}],"wp:featuredmedia":[{"embeddable":true,"href":"https:\/\/www.caririemacao.com\/1\/wp-json\/wp\/v2\/media\/73766"}],"wp:attachment":[{"href":"https:\/\/www.caririemacao.com\/1\/wp-json\/wp\/v2\/media?parent=73765"}],"wp:term":[{"taxonomy":"category","embeddable":true,"href":"https:\/\/www.caririemacao.com\/1\/wp-json\/wp\/v2\/categories?post=73765"},{"taxonomy":"post_tag","embeddable":true,"href":"https:\/\/www.caririemacao.com\/1\/wp-json\/wp\/v2\/tags?post=73765"}],"curies":[{"name":"wp","href":"https:\/\/api.w.org\/{rel}","templated":true}]}}