{"id":73776,"date":"2018-11-21T14:27:26","date_gmt":"2018-11-21T17:27:26","guid":{"rendered":"http:\/\/www.caririemacao.com\/1\/?p=73776"},"modified":"2018-11-21T14:27:26","modified_gmt":"2018-11-21T17:27:26","slug":"estao-abertas-as-pre-matriculas-para-novos-alunos-nas-escolas-e-creches-da-rede-municipal-de-sume","status":"publish","type":"post","link":"https:\/\/www.caririemacao.com\/1\/2018\/11\/21\/estao-abertas-as-pre-matriculas-para-novos-alunos-nas-escolas-e-creches-da-rede-municipal-de-sume\/","title":{"rendered":"Est\u00e3o abertas as pr\u00e9-matr\u00edculas para novos alunos nas escolas e creches da rede municipal de Sum\u00e9"},"content":{"rendered":"<p>Est\u00e3o abertas as pr\u00e9-matr\u00edculas para novos alunos nas escolas e creches da rede municipal de Sum\u00e9<\/p>\n<p>O per\u00edodo para a solicita\u00e7\u00e3o de matr\u00edculas para novos alunos do ensino p\u00fablico do munic\u00edpio de Sum\u00e9 come\u00e7ou na \u00faltima segunda-feira (19). As pr\u00e9-matr\u00edculas v\u00e3o at\u00e9 o dia 23 de novembro.<\/p>\n<p>A Secretaria de Educa\u00e7\u00e3o informa que a pr\u00e9-matr\u00edcula \u00e9 um cadastro inicial para garantir a vaga em 2019. Os pais ou respons\u00e1veis devem comparecer com uma declara\u00e7\u00e3o da escola anterior (se tiver<span class=\"text_exposed_show\"><span class=\"Apple-converted-space\">\u00a0<\/span>em idade escolar), fotos, cart\u00e3o de vacina e comprovante de resid\u00eancia.<\/span><\/p>\n<div class=\"text_exposed_show\">\n<p>J\u00e1 em rela\u00e7\u00e3o aos alunos veteranos, a Secretaria de Educa\u00e7\u00e3o ir\u00e1 divulgar posteriormente o per\u00edodo de matr\u00edcula, mas ressalta que esses j\u00e1 est\u00e3o com a vaga garantida.<\/p>\n<\/div>\n<p>&nbsp;<\/p>\n<p>Ascom\/Sum\u00e9<\/p>\n","protected":false},"excerpt":{"rendered":"<p>Est\u00e3o abertas as pr\u00e9-matr\u00edculas para novos alunos nas escolas e creches da rede municipal de Sum\u00e9 O per\u00edodo para a solicita\u00e7\u00e3o de matr\u00edculas para novos&hellip; <\/p>\n","protected":false},"author":1,"featured_media":27129,"comment_status":"closed","ping_status":"closed","sticky":false,"template":"","format":"standard","meta":{"sfsi_plus_gutenberg_text_before_share":"","sfsi_plus_gutenberg_show_text_before_share":"","sfsi_plus_gutenberg_icon_type":"","sfsi_plus_gutenberg_icon_alignemt":"","sfsi_plus_gutenburg_max_per_row":"","footnotes":""},"categories":[14],"tags":[],"class_list":["post-73776","post","type-post","status-publish","format-standard","has-post-thumbnail","hentry","category-educacao"],"_links":{"self":[{"href":"https:\/\/www.caririemacao.com\/1\/wp-json\/wp\/v2\/posts\/73776","targetHints":{"allow":["GET"]}}],"collection":[{"href":"https:\/\/www.caririemacao.com\/1\/wp-json\/wp\/v2\/posts"}],"about":[{"href":"https:\/\/www.caririemacao.com\/1\/wp-json\/wp\/v2\/types\/post"}],"author":[{"embeddable":true,"href":"https:\/\/www.caririemacao.com\/1\/wp-json\/wp\/v2\/users\/1"}],"replies":[{"embeddable":true,"href":"https:\/\/www.caririemacao.com\/1\/wp-json\/wp\/v2\/comments?post=73776"}],"version-history":[{"count":1,"href":"https:\/\/www.caririemacao.com\/1\/wp-json\/wp\/v2\/posts\/73776\/revisions"}],"predecessor-version":[{"id":73778,"href":"https:\/\/www.caririemacao.com\/1\/wp-json\/wp\/v2\/posts\/73776\/revisions\/73778"}],"wp:featuredmedia":[{"embeddable":true,"href":"https:\/\/www.caririemacao.com\/1\/wp-json\/wp\/v2\/media\/27129"}],"wp:attachment":[{"href":"https:\/\/www.caririemacao.com\/1\/wp-json\/wp\/v2\/media?parent=73776"}],"wp:term":[{"taxonomy":"category","embeddable":true,"href":"https:\/\/www.caririemacao.com\/1\/wp-json\/wp\/v2\/categories?post=73776"},{"taxonomy":"post_tag","embeddable":true,"href":"https:\/\/www.caririemacao.com\/1\/wp-json\/wp\/v2\/tags?post=73776"}],"curies":[{"name":"wp","href":"https:\/\/api.w.org\/{rel}","templated":true}]}}