{"id":73788,"date":"2018-11-21T16:12:49","date_gmt":"2018-11-21T19:12:49","guid":{"rendered":"http:\/\/www.caririemacao.com\/1\/?p=73788"},"modified":"2018-11-21T16:12:49","modified_gmt":"2018-11-21T19:12:49","slug":"mais-medicos-registra-2-000-inscricoes-em-uma-hora-sistema-enfrenta-falhas","status":"publish","type":"post","link":"https:\/\/www.caririemacao.com\/1\/2018\/11\/21\/mais-medicos-registra-2-000-inscricoes-em-uma-hora-sistema-enfrenta-falhas\/","title":{"rendered":"Mais M\u00e9dicos registra 2.000 inscri\u00e7\u00f5es em uma hora; sistema enfrenta falhas"},"content":{"rendered":"<p>Em apenas uma hora desde o in\u00edcio das novas inscri\u00e7\u00f5es para o programa Mais M\u00e9dicos, o Minist\u00e9rio da Sa\u00fade informou j\u00e1 ter registrado 2.000 inscri\u00e7\u00f5es de m\u00e9dicos interessados em atuar no programa.<\/p>\n<p>Ao todo, s\u00e3o ofertadas 8.517 vagas, distribu\u00eddas em 2.824 munic\u00edpios e 34 DSEIS (distritos sanit\u00e1rios especiais ind\u00edgenas).<\/p>\n<p>At\u00e9 ent\u00e3o, essas vagas eram ocupadas por m\u00e9dicos cubanos, que deixar\u00e3o o programa ap\u00f3s o an\u00fancio do fim da participa\u00e7\u00e3o de Cuba no Mais M\u00e9dicos.<\/p>\n<p>As inscri\u00e7\u00f5es, voltadas a brasileiros e estrangeiros com diploma revalidado no Brasil, iniciaram \u00e0s 8h desta quarta-feira (21) e seguem at\u00e9 23h59 de domingo (25).<\/p>\n<p>M\u00e9dicos, no entanto, t\u00eam relatado nas redes sociais dificuldades para fazer o cadastro. A p\u00e1gina do programa Mais M\u00e9dicos, por exemplo, n\u00e3o \u00e9 nem sequer carregada.<\/p>\n<p>Em nota, a AMB (Associa\u00e7\u00e3o M\u00e9dica Brasileira) diz que t\u00eam recebido den\u00fancias sobre o problema desde o in\u00edcio da manh\u00e3 desta quarta.<\/p>\n<p>\u201cA AMB v\u00ea com preocupa\u00e7\u00e3o o fato, pois o prazo que j\u00e1 \u00e9 curto agora fica menor\u201d, informa.<\/p>\n<p>A entidade diz ainda que ir\u00e1 solicitar ao Minist\u00e9rio da Sa\u00fade a prorroga\u00e7\u00e3o do prazo de inscri\u00e7\u00f5es devido \u00e0 dificuldade para acessar o sistema. Em nota, o minist\u00e9rio informa que, \u201cdevido ao grande n\u00famero de acessos, o sistema tem registrado picos, e nesses momentos, pode haver dificuldades de acesso, que \u00e9 retomado em seguida\u201d.<\/p>\n<p>Segundo a pasta, desde ter\u00e7a (20), j\u00e1 foram registrados 1 milh\u00e3o de acessos na p\u00e1gina do Mais M\u00e9dicos.<\/p>\n<p>O alto volume de acessos ocorre em meio a uma mudan\u00e7a no processo de sele\u00e7\u00e3o.<\/p>\n<p>Em editais anteriores, cada m\u00e9dico poderia selecionar mais de um munic\u00edpio onde gostaria de atuar e, s\u00f3 depois, a vaga era confirmada.<\/p>\n<p>J\u00e1 neste edital, o profissional passa a escolher e confirmar a vaga logo ap\u00f3s a inscri\u00e7\u00e3o.<\/p>\n<p>A mudan\u00e7a ocorre em meio ao receio de que, com a sa\u00edda dos m\u00e9dicos cubanos, pacientes que buscam unidades de sa\u00fade nestes locais fiquem sem assist\u00eancia.<\/p>\n<p>CRONOGRAMA<br \/>\nO in\u00edcio das atividades est\u00e1 previsto para 3 de dezembro. Caso as vagas n\u00e3o sejam preenchidas ou haja desist\u00eancias, o minist\u00e9rio informa que pretende abrir um segundo edital no dia 27 deste m\u00eas para brasileiros e estrangeiros formados no exterior.<\/p>\n<p>Na \u00faltima quarta (14), o governo de Cuba anunciou o fim da participa\u00e7\u00e3o do pa\u00eds no Mais M\u00e9dicos.<\/p>\n<p>A decis\u00e3o foi atribu\u00edda a declara\u00e7\u00f5es do presidente eleito, Jair Bolsonaro (PSL), que tem criticado a qualifica\u00e7\u00e3o dos m\u00e9dicos do pa\u00eds caribenho e defendido mudar as regras do programa, exigindo a revalida\u00e7\u00e3o do diploma.<\/p>\n<p>Segundo a Opas (Organiza\u00e7\u00e3o Pan-Americana de Sa\u00fade), a previs\u00e3o \u00e9 que os m\u00e9dicos deixem o pa\u00eds at\u00e9 12 de dezembro.<\/p>\n<p>Folha Press<\/p>\n","protected":false},"excerpt":{"rendered":"<p>Em apenas uma hora desde o in\u00edcio das novas inscri\u00e7\u00f5es para o programa Mais M\u00e9dicos, o Minist\u00e9rio da Sa\u00fade informou j\u00e1 ter registrado 2.000 inscri\u00e7\u00f5es&hellip; <\/p>\n","protected":false},"author":1,"featured_media":73789,"comment_status":"closed","ping_status":"closed","sticky":false,"template":"","format":"standard","meta":{"sfsi_plus_gutenberg_text_before_share":"","sfsi_plus_gutenberg_show_text_before_share":"","sfsi_plus_gutenberg_icon_type":"","sfsi_plus_gutenberg_icon_alignemt":"","sfsi_plus_gutenburg_max_per_row":"","footnotes":""},"categories":[2],"tags":[],"class_list":["post-73788","post","type-post","status-publish","format-standard","has-post-thumbnail","hentry","category-geral"],"_links":{"self":[{"href":"https:\/\/www.caririemacao.com\/1\/wp-json\/wp\/v2\/posts\/73788","targetHints":{"allow":["GET"]}}],"collection":[{"href":"https:\/\/www.caririemacao.com\/1\/wp-json\/wp\/v2\/posts"}],"about":[{"href":"https:\/\/www.caririemacao.com\/1\/wp-json\/wp\/v2\/types\/post"}],"author":[{"embeddable":true,"href":"https:\/\/www.caririemacao.com\/1\/wp-json\/wp\/v2\/users\/1"}],"replies":[{"embeddable":true,"href":"https:\/\/www.caririemacao.com\/1\/wp-json\/wp\/v2\/comments?post=73788"}],"version-history":[{"count":1,"href":"https:\/\/www.caririemacao.com\/1\/wp-json\/wp\/v2\/posts\/73788\/revisions"}],"predecessor-version":[{"id":73790,"href":"https:\/\/www.caririemacao.com\/1\/wp-json\/wp\/v2\/posts\/73788\/revisions\/73790"}],"wp:featuredmedia":[{"embeddable":true,"href":"https:\/\/www.caririemacao.com\/1\/wp-json\/wp\/v2\/media\/73789"}],"wp:attachment":[{"href":"https:\/\/www.caririemacao.com\/1\/wp-json\/wp\/v2\/media?parent=73788"}],"wp:term":[{"taxonomy":"category","embeddable":true,"href":"https:\/\/www.caririemacao.com\/1\/wp-json\/wp\/v2\/categories?post=73788"},{"taxonomy":"post_tag","embeddable":true,"href":"https:\/\/www.caririemacao.com\/1\/wp-json\/wp\/v2\/tags?post=73788"}],"curies":[{"name":"wp","href":"https:\/\/api.w.org\/{rel}","templated":true}]}}