{"id":73793,"date":"2018-11-21T16:22:30","date_gmt":"2018-11-21T19:22:30","guid":{"rendered":"http:\/\/www.caririemacao.com\/1\/?p=73793"},"modified":"2018-11-21T16:22:30","modified_gmt":"2018-11-21T19:22:30","slug":"bolsonaro-confirma-o-novo-titular-do-ministerio-da-educacao","status":"publish","type":"post","link":"https:\/\/www.caririemacao.com\/1\/2018\/11\/21\/bolsonaro-confirma-o-novo-titular-do-ministerio-da-educacao\/","title":{"rendered":"Bolsonaro confirma o novo titular do Minist\u00e9rio da Educa\u00e7\u00e3o"},"content":{"rendered":"<p>O presidente eleito, Jair Bolsonaro (PSL), definiu nesta quarta-feira (21) o\u00a0nome do diretor do Instituto Ayrton Senna, Mozart Neves Ramos, como novo ministro da Educa\u00e7\u00e3o.<\/p>\n<p>O an\u00fancio ser\u00e1 feito ainda na tarde desta quarta-feira (21). O educador foi sondado na semana passada e aceitou o convite em conversa com o capit\u00e3o reformado.<\/p>\n<p>Ele chegou a ser sondado pelo presidente Michel Temer para o cargo, mas na \u00e9poca recusou.<\/p>\n<p>No passado, foi secret\u00e1rio da Educa\u00e7\u00e3o de Pernambuco, na gest\u00e3o de Mendon\u00e7a Filho (2003-2006), antigo ministro do governo Temer.<\/p>\n<p>O desejo de Bolsonaro era ter \u00e0 frente da pasta a presidente do Instituto Ayrton Senna, Viaviane Senna, mas ela demonstrou resist\u00eancia em assumir o posto.<\/p>\n<p>Na semana passada, em um encontro sigiloso, Viviane e Mozart se reuniram com o futuro ministro da Casa Civil, Onyx Lorenzoni.<\/p>\n<p>Ap\u00f3s a reuni\u00e3o, Mozart chegou a negar \u00e0 Folha de S.Paulo que tivesse havido sondagem para o cargo ministerial durante a reuni\u00e3o.<\/p>\n<p>A nomea\u00e7\u00e3o representa um ponto para a deputada eleita Joyce Hasselmann, que foi quem apresentou Viviane a Bolsonaro.<\/p>\n<p>O nome de Viviane era estudado para assumir a pasta da Educa\u00e7\u00e3o na gest\u00e3o Bolsonaro. Ainda durante a campanha, ela visitou Bolsonaro em sua casa, no Rio de Janeiro.<\/p>\n<p>Viviane \u00e9 irm\u00e3 de Ayrton Senna, piloto tricampe\u00e3o brasileiro de F\u00f3rmula 1 que morreu em acidente em maio de 1994 enquanto competia na It\u00e1lia.<\/p>\n<p>Com o objetivo de n\u00e3o chamar a aten\u00e7\u00e3o, Viviane se reuniu com o futuro ministro da Casa Civil, Onyx Lorenzoni, em uma agenda secreta, fora do escrit\u00f3rio da transi\u00e7\u00e3o. A reuni\u00e3o teve a participa\u00e7\u00e3o de Mozart Neves Ramos.<\/p>\n<p>Folha Press<\/p>\n","protected":false},"excerpt":{"rendered":"<p>O presidente eleito, Jair Bolsonaro (PSL), definiu nesta quarta-feira (21) o\u00a0nome do diretor do Instituto Ayrton Senna, Mozart Neves Ramos, como novo ministro da Educa\u00e7\u00e3o.&hellip; <\/p>\n","protected":false},"author":1,"featured_media":73794,"comment_status":"closed","ping_status":"closed","sticky":false,"template":"","format":"standard","meta":{"sfsi_plus_gutenberg_text_before_share":"","sfsi_plus_gutenberg_show_text_before_share":"","sfsi_plus_gutenberg_icon_type":"","sfsi_plus_gutenberg_icon_alignemt":"","sfsi_plus_gutenburg_max_per_row":"","footnotes":""},"categories":[11],"tags":[],"class_list":["post-73793","post","type-post","status-publish","format-standard","has-post-thumbnail","hentry","category-politica"],"_links":{"self":[{"href":"https:\/\/www.caririemacao.com\/1\/wp-json\/wp\/v2\/posts\/73793","targetHints":{"allow":["GET"]}}],"collection":[{"href":"https:\/\/www.caririemacao.com\/1\/wp-json\/wp\/v2\/posts"}],"about":[{"href":"https:\/\/www.caririemacao.com\/1\/wp-json\/wp\/v2\/types\/post"}],"author":[{"embeddable":true,"href":"https:\/\/www.caririemacao.com\/1\/wp-json\/wp\/v2\/users\/1"}],"replies":[{"embeddable":true,"href":"https:\/\/www.caririemacao.com\/1\/wp-json\/wp\/v2\/comments?post=73793"}],"version-history":[{"count":1,"href":"https:\/\/www.caririemacao.com\/1\/wp-json\/wp\/v2\/posts\/73793\/revisions"}],"predecessor-version":[{"id":73795,"href":"https:\/\/www.caririemacao.com\/1\/wp-json\/wp\/v2\/posts\/73793\/revisions\/73795"}],"wp:featuredmedia":[{"embeddable":true,"href":"https:\/\/www.caririemacao.com\/1\/wp-json\/wp\/v2\/media\/73794"}],"wp:attachment":[{"href":"https:\/\/www.caririemacao.com\/1\/wp-json\/wp\/v2\/media?parent=73793"}],"wp:term":[{"taxonomy":"category","embeddable":true,"href":"https:\/\/www.caririemacao.com\/1\/wp-json\/wp\/v2\/categories?post=73793"},{"taxonomy":"post_tag","embeddable":true,"href":"https:\/\/www.caririemacao.com\/1\/wp-json\/wp\/v2\/tags?post=73793"}],"curies":[{"name":"wp","href":"https:\/\/api.w.org\/{rel}","templated":true}]}}