{"id":73798,"date":"2018-11-21T16:31:05","date_gmt":"2018-11-21T19:31:05","guid":{"rendered":"http:\/\/www.caririemacao.com\/1\/?p=73798"},"modified":"2018-11-21T17:23:53","modified_gmt":"2018-11-21T20:23:53","slug":"escola-goncala-rodrigues-de-freitas-realiza-iii-evento-sobre-a-consciencia-negra","status":"publish","type":"post","link":"https:\/\/www.caririemacao.com\/1\/2018\/11\/21\/escola-goncala-rodrigues-de-freitas-realiza-iii-evento-sobre-a-consciencia-negra\/","title":{"rendered":"Escola Gon\u00e7ala Rodrigues de Freitas realiza III evento sobre a Consci\u00eancia Negra"},"content":{"rendered":"<p>A Escola Municipal Gon\u00e7ala Rodrigues de Freitas realizou nesta ter\u00e7a-feira (20\/11), Dia da Consci\u00eancia Negra um evento alusivo a data.<\/p>\n<p>Com o tema: Resist\u00eancia e conquistas, por um Brasil sem racismo e preconceito, o projeto contou com uma s\u00e9rie de apresenta\u00e7\u00f5es desenvolvidas pelos alunos.<\/p>\n<p><a href=\"http:\/\/noticiasemdestaque.com\/cd\/wp-content\/uploads\/2018\/11\/b3ea476b-8e64-4a51-a73a-8f0ba2e1267d.jpg\"><img fetchpriority=\"high\" decoding=\"async\" class=\"wp-image-14070 aligncenter\" src=\"http:\/\/noticiasemdestaque.com\/cd\/wp-content\/uploads\/2018\/11\/b3ea476b-8e64-4a51-a73a-8f0ba2e1267d-1024x768.jpg\" sizes=\"(max-width: 491px) 100vw, 491px\" srcset=\"http:\/\/noticiasemdestaque.com\/cd\/wp-content\/uploads\/2018\/11\/b3ea476b-8e64-4a51-a73a-8f0ba2e1267d-1024x768.jpg 1024w, http:\/\/noticiasemdestaque.com\/cd\/wp-content\/uploads\/2018\/11\/b3ea476b-8e64-4a51-a73a-8f0ba2e1267d-300x225.jpg 300w, http:\/\/noticiasemdestaque.com\/cd\/wp-content\/uploads\/2018\/11\/b3ea476b-8e64-4a51-a73a-8f0ba2e1267d-768x576.jpg 768w, http:\/\/noticiasemdestaque.com\/cd\/wp-content\/uploads\/2018\/11\/b3ea476b-8e64-4a51-a73a-8f0ba2e1267d-640x480.jpg 640w, http:\/\/noticiasemdestaque.com\/cd\/wp-content\/uploads\/2018\/11\/b3ea476b-8e64-4a51-a73a-8f0ba2e1267d.jpg 1032w\" alt=\"\" width=\"491\" height=\"368\" \/><\/a><\/p>\n<p>Para o aluno Jefferson, o evento foi fundamental para diminuir o racismo e explicou a diferen\u00e7a entre o inj\u00faria racial e racismo \u201d\u00a0Enquanto a inj\u00faria racial consiste em ofender a honra de algu\u00e9m valendo-se de elementos referentes \u00e0 ra\u00e7a, cor, etnia, religi\u00e3o ou origem, o crime de racismo atinge uma coletividade indeterminada de indiv\u00edduos, discriminando toda a integralidade de uma ra\u00e7a. Ao contr\u00e1rio da inj\u00faria racial, o crime de racismo \u00e9 inafian\u00e7\u00e1vel e imprescrit\u00edvel\u201d, disse o aluno.<\/p>\n<p><a href=\"http:\/\/noticiasemdestaque.com\/cd\/wp-content\/uploads\/2018\/11\/1152186d-0067-4fbe-9bc6-5e6007a0f5aa.jpg\"><img decoding=\"async\" class=\"wp-image-14067 aligncenter lazyload\" data-src=\"http:\/\/noticiasemdestaque.com\/cd\/wp-content\/uploads\/2018\/11\/1152186d-0067-4fbe-9bc6-5e6007a0f5aa-1024x768.jpg\" data-sizes=\"(max-width: 486px) 100vw, 486px\" data-srcset=\"http:\/\/noticiasemdestaque.com\/cd\/wp-content\/uploads\/2018\/11\/1152186d-0067-4fbe-9bc6-5e6007a0f5aa-1024x768.jpg 1024w, http:\/\/noticiasemdestaque.com\/cd\/wp-content\/uploads\/2018\/11\/1152186d-0067-4fbe-9bc6-5e6007a0f5aa-300x225.jpg 300w, http:\/\/noticiasemdestaque.com\/cd\/wp-content\/uploads\/2018\/11\/1152186d-0067-4fbe-9bc6-5e6007a0f5aa-768x576.jpg 768w, http:\/\/noticiasemdestaque.com\/cd\/wp-content\/uploads\/2018\/11\/1152186d-0067-4fbe-9bc6-5e6007a0f5aa-640x480.jpg 640w, http:\/\/noticiasemdestaque.com\/cd\/wp-content\/uploads\/2018\/11\/1152186d-0067-4fbe-9bc6-5e6007a0f5aa.jpg 1032w\" alt=\"\" width=\"486\" height=\"364\" src=\"data:image\/svg+xml;base64,PHN2ZyB3aWR0aD0iMSIgaGVpZ2h0PSIxIiB4bWxucz0iaHR0cDovL3d3dy53My5vcmcvMjAwMC9zdmciPjwvc3ZnPg==\" style=\"--smush-placeholder-width: 486px; --smush-placeholder-aspect-ratio: 486\/364;\" \/><\/a><\/p>\n<p>A professora Tomires Costa, idealizadora do evento, disse que neste ano todos os professores contribu\u00edram dentro do tema, objetivando reiterar uma educa\u00e7\u00e3o antirracista para que cada aluno possa aprender respeitar o outro.<\/p>\n<p>A diretora da Escola, V\u00e2nia Freitas, aproveitou para parabenizar os alunos e os professores pela realiza\u00e7\u00e3o do evento e afirmou que unindo for\u00e7as a institui\u00e7\u00e3o ir\u00e1 conseguir diminuir com o preconceito.<\/p>\n<p>&nbsp;<\/p>\n<p>Not\u00edcias em Destaque<\/p>\n","protected":false},"excerpt":{"rendered":"<p>A Escola Municipal Gon\u00e7ala Rodrigues de Freitas realizou nesta ter\u00e7a-feira (20\/11), Dia da Consci\u00eancia Negra um evento alusivo a data. Com o tema: Resist\u00eancia e&hellip; <\/p>\n","protected":false},"author":1,"featured_media":73800,"comment_status":"closed","ping_status":"closed","sticky":false,"template":"","format":"standard","meta":{"sfsi_plus_gutenberg_text_before_share":"","sfsi_plus_gutenberg_show_text_before_share":"","sfsi_plus_gutenberg_icon_type":"","sfsi_plus_gutenberg_icon_alignemt":"","sfsi_plus_gutenburg_max_per_row":"","footnotes":""},"categories":[14],"tags":[],"class_list":["post-73798","post","type-post","status-publish","format-standard","has-post-thumbnail","hentry","category-educacao"],"_links":{"self":[{"href":"https:\/\/www.caririemacao.com\/1\/wp-json\/wp\/v2\/posts\/73798","targetHints":{"allow":["GET"]}}],"collection":[{"href":"https:\/\/www.caririemacao.com\/1\/wp-json\/wp\/v2\/posts"}],"about":[{"href":"https:\/\/www.caririemacao.com\/1\/wp-json\/wp\/v2\/types\/post"}],"author":[{"embeddable":true,"href":"https:\/\/www.caririemacao.com\/1\/wp-json\/wp\/v2\/users\/1"}],"replies":[{"embeddable":true,"href":"https:\/\/www.caririemacao.com\/1\/wp-json\/wp\/v2\/comments?post=73798"}],"version-history":[{"count":2,"href":"https:\/\/www.caririemacao.com\/1\/wp-json\/wp\/v2\/posts\/73798\/revisions"}],"predecessor-version":[{"id":73806,"href":"https:\/\/www.caririemacao.com\/1\/wp-json\/wp\/v2\/posts\/73798\/revisions\/73806"}],"wp:featuredmedia":[{"embeddable":true,"href":"https:\/\/www.caririemacao.com\/1\/wp-json\/wp\/v2\/media\/73800"}],"wp:attachment":[{"href":"https:\/\/www.caririemacao.com\/1\/wp-json\/wp\/v2\/media?parent=73798"}],"wp:term":[{"taxonomy":"category","embeddable":true,"href":"https:\/\/www.caririemacao.com\/1\/wp-json\/wp\/v2\/categories?post=73798"},{"taxonomy":"post_tag","embeddable":true,"href":"https:\/\/www.caririemacao.com\/1\/wp-json\/wp\/v2\/tags?post=73798"}],"curies":[{"name":"wp","href":"https:\/\/api.w.org\/{rel}","templated":true}]}}