{"id":73811,"date":"2018-11-21T19:37:17","date_gmt":"2018-11-21T22:37:17","guid":{"rendered":"http:\/\/www.caririemacao.com\/1\/?p=73811"},"modified":"2018-11-21T19:37:17","modified_gmt":"2018-11-21T22:37:17","slug":"ex-presidiario-quebra-medida-protetiva-e-tenta-matar-companheira-de-14-anos-de-idade-que-esta-gravida","status":"publish","type":"post","link":"https:\/\/www.caririemacao.com\/1\/2018\/11\/21\/ex-presidiario-quebra-medida-protetiva-e-tenta-matar-companheira-de-14-anos-de-idade-que-esta-gravida\/","title":{"rendered":"Ex-presidi\u00e1rio quebra medida protetiva e tenta matar companheira de 14 anos de idade que est\u00e1 gr\u00e1vida"},"content":{"rendered":"<div class=\"noticiacorpo\">\n<p>Policiais do 3\u00ba BPM prenderam na noite desta ter\u00e7a-feira, 20 de novembro, Jos\u00e9 de Arimat\u00e9ia dos Santos Nunes, mais conhecido por Z\u00e9 Baixinho de 39 anos de idade. Segundo informa\u00e7\u00f5es estava amea\u00e7ando a companheira dele de 14 anos de idade, a qual, gr\u00e1vida de tr\u00eas meses.<\/p>\n<p>Com o acusado ainda foi apreendido uma espingarda artesanal calibre 36,1, uma pequena quantidade de maconha e um fac\u00e3o de 45 cm.<\/p>\n<p>Z\u00e9 Baixinho queria ter rela\u00e7\u00f5es sexuais com a jovem que se negou, sendo amea\u00e7ada, a Pol\u00edcia Militar foi acionada pelo pai da v\u00edtima.<\/p>\n<p>Ao chegar ao local o acusado n\u00e3o foi encontrado. Todo o material citado junto da v\u00edtima foram encaminhados para a Delegacia Especializada em Atendimento a Mulher (DEAM).<\/p>\n<p>Por volta das 19h45m desta ter\u00e7a-feira (20), os policiais receberam a informa\u00e7\u00e3o a respeito da fuga de Z\u00e9 Baixinho, rapidamente a guarni\u00e7\u00e3o da ROTAM montou uma campana nas imedia\u00e7\u00f5es do bairro do jatob\u00e1 ao centro, conseguindo identificar o ve\u00edculo e prender o acusado.<\/p>\n<p>Ex presidi\u00e1rio pela pr\u00e1tica de homic\u00eddio, agora Z\u00e9 Baixinho vai responder tamb\u00e9m por Posse de Arma, Tentativa de estupro, Quebra de Medida Protetiva e Posse de Entorpecente.<\/p>\n<\/div>\n<p class=\"noticia_fonte\">Patos Online<\/p>\n","protected":false},"excerpt":{"rendered":"<p>Policiais do 3\u00ba BPM prenderam na noite desta ter\u00e7a-feira, 20 de novembro, Jos\u00e9 de Arimat\u00e9ia dos Santos Nunes, mais conhecido por Z\u00e9 Baixinho de 39&hellip; <\/p>\n","protected":false},"author":1,"featured_media":73812,"comment_status":"closed","ping_status":"closed","sticky":false,"template":"","format":"standard","meta":{"sfsi_plus_gutenberg_text_before_share":"","sfsi_plus_gutenberg_show_text_before_share":"","sfsi_plus_gutenberg_icon_type":"","sfsi_plus_gutenberg_icon_alignemt":"","sfsi_plus_gutenburg_max_per_row":"","footnotes":""},"categories":[12],"tags":[],"class_list":["post-73811","post","type-post","status-publish","format-standard","has-post-thumbnail","hentry","category-policia"],"_links":{"self":[{"href":"https:\/\/www.caririemacao.com\/1\/wp-json\/wp\/v2\/posts\/73811","targetHints":{"allow":["GET"]}}],"collection":[{"href":"https:\/\/www.caririemacao.com\/1\/wp-json\/wp\/v2\/posts"}],"about":[{"href":"https:\/\/www.caririemacao.com\/1\/wp-json\/wp\/v2\/types\/post"}],"author":[{"embeddable":true,"href":"https:\/\/www.caririemacao.com\/1\/wp-json\/wp\/v2\/users\/1"}],"replies":[{"embeddable":true,"href":"https:\/\/www.caririemacao.com\/1\/wp-json\/wp\/v2\/comments?post=73811"}],"version-history":[{"count":1,"href":"https:\/\/www.caririemacao.com\/1\/wp-json\/wp\/v2\/posts\/73811\/revisions"}],"predecessor-version":[{"id":73813,"href":"https:\/\/www.caririemacao.com\/1\/wp-json\/wp\/v2\/posts\/73811\/revisions\/73813"}],"wp:featuredmedia":[{"embeddable":true,"href":"https:\/\/www.caririemacao.com\/1\/wp-json\/wp\/v2\/media\/73812"}],"wp:attachment":[{"href":"https:\/\/www.caririemacao.com\/1\/wp-json\/wp\/v2\/media?parent=73811"}],"wp:term":[{"taxonomy":"category","embeddable":true,"href":"https:\/\/www.caririemacao.com\/1\/wp-json\/wp\/v2\/categories?post=73811"},{"taxonomy":"post_tag","embeddable":true,"href":"https:\/\/www.caririemacao.com\/1\/wp-json\/wp\/v2\/tags?post=73811"}],"curies":[{"name":"wp","href":"https:\/\/api.w.org\/{rel}","templated":true}]}}