{"id":73819,"date":"2018-11-21T19:51:07","date_gmt":"2018-11-21T22:51:07","guid":{"rendered":"http:\/\/www.caririemacao.com\/1\/?p=73819"},"modified":"2018-11-21T19:51:07","modified_gmt":"2018-11-21T22:51:07","slug":"anunciado-o-novo-presidente-da-caixa-economica-federal","status":"publish","type":"post","link":"https:\/\/www.caririemacao.com\/1\/2018\/11\/21\/anunciado-o-novo-presidente-da-caixa-economica-federal\/","title":{"rendered":"Anunciado o novo presidente da Caixa Econ\u00f4mica Federal"},"content":{"rendered":"<p>O futuro ministro da Economia Paulo Guedes escolheu Pedro Guimar\u00e3es para ocupar a presid\u00eancia da Caixa Econ\u00f4mica Federal (CEF).<\/p>\n<p>Pelo estatuto do banco, o nome ter\u00e1 de ser indicado pelo futuro presidente Jair Bolsonaro.<\/p>\n<p>Os executivos atuais n\u00e3o poder\u00e3o ser trocados pelo presidente porque, pelas novas regras, precisam ser escolhidos pelo conselho da institui\u00e7\u00e3o.<\/p>\n<p>S\u00f3cio do banco de investimento Brasil Plural, Guimar\u00e3es possui mais de 20 anos de atua\u00e7\u00e3o no mercado financeiro na gest\u00e3o de ativos e reestrutura\u00e7\u00e3o de empresas.<\/p>\n<p>Doutor em Economia pela Universidade de Rockester (EUA), especializou-se em privatiza\u00e7\u00f5es.<\/p>\n<p>No comando da Caixa, Guimar\u00e3es dever\u00e1 comandar a venda da \u00e1rea de cart\u00f5es de cr\u00e9dito e de seguros.<\/p>\n<p>A ideia de Guedes \u00e9 delegar para a iniciativa privada neg\u00f3cios que n\u00e3o s\u00e3o fazem parte da \u201cpol\u00edtica p\u00fablica\u201d conduzida pelo banco.<\/p>\n<p>Essa diretriz tamb\u00e9m ser\u00e1 reproduzida no Banco do Brasil, que dever\u00e1 vender seu bra\u00e7o de investimentos.<\/p>\n<p>O atual presidente da Petrobras, Ivan Monteiro, \u00e9 o preferido de Guedes para comandar a institui\u00e7\u00e3o mesmo diante da resist\u00eancia da ala pol\u00edtica de Bolsonaro.<\/p>\n<p>Caso seja aprovado por Bolsonaro, ser\u00e1 mais uma prova de for\u00e7a de Guedes, que anunciou o ex-ministro da Fazenda de Dilma Rousseff Joaquim Levy na presid\u00eancia do BNDES. Ivan Monteiro foi diretor da Petrobras na gest\u00e3o petista.<\/p>\n<p>Enquanto n\u00e3o define esses cargos, Guedes trabalha na reestrutura\u00e7\u00e3o de seu superminist\u00e9rio -fus\u00e3o da Fazenda, Planejamento e Ind\u00fastria e Com\u00e9rcio.<\/p>\n<p>At\u00e9 o momento, seis secretarias est\u00e3o previstas: com\u00e9rcio exterior; privatiza\u00e7\u00f5es e desmobiliza\u00e7\u00e3o patrimonial; produtividade e competitividade; assuntos econ\u00f4micos; arrecada\u00e7\u00e3o; e moderniza\u00e7\u00e3o do Estado.<\/p>\n<p>Nesta quarta-feira (21), Guedes voltou \u00e0 engenharia de seu minist\u00e9rio porque ainda tenta fundir assuntos em uma mesma secretaria, fazendo chegar a um n\u00famero final de quatro.<\/p>\n<p>O mais cotado para a chefia da secretaria de com\u00e9rcio exterior \u00e9 Marcos Troyjo, que ajudou na formula\u00e7\u00e3o das propostas de governo durante a campanha.<\/p>\n<p>Caber\u00e1 a essa secretaria implementar a pol\u00edtica de abertura comercial, um dos assuntos preferidos de Guedes para impulsionar o com\u00e9rcio e estimular a produtividade da economia.<\/p>\n<p>Nas privatiza\u00e7\u00f5es, o atual secret\u00e1rio de estatais do Minist\u00e9rio do Planejamento, Fernando Soares, pode continuar conduzindo a pol\u00edtica de enxugamento nas estatais, incluindo corte ou realoca\u00e7\u00e3o de servidores.<\/p>\n<p>Todas as opera\u00e7\u00f5es que n\u00e3o forem inclu\u00eddas no Plano Nacional de Desestatiza\u00e7\u00e3o ser\u00e3o conduzidas por esse grupo.<\/p>\n<p>Guedes quer reunir na secretaria de produtividade e competitividade a\u00e7\u00f5es de pol\u00edtica industrial hoje espalhadas no Minist\u00e9rio de Ind\u00fastria e Com\u00e9rcio, Fazenda e Ci\u00eancia e Tecnologia.<\/p>\n<p>Na secretaria de arrecada\u00e7\u00e3o podem ficar a Receita Federal, possivelmente a cargo de Jorge Rachid, e as atuais Secretaria de Or\u00e7amento (hoje no Planejamento) e a Secretaria Pol\u00edtica Econ\u00f4mica (da Fazenda).<\/p>\n<p>A Secretaria do Tesouro, que continuar\u00e1 sob comando de Mansueto Almeida, tamb\u00e9m pode ficar nesse grupo, mas isso ainda n\u00e3o foi definido. O mais prov\u00e1vel \u00e9 que permane\u00e7a independente.<\/p>\n<p>Para ocupar cargos nessa ala, Guedes cogita nomes com o de Marcos Mendes, atual assessor especial do ministro da Fazenda, Eduardo Guardia, e Waldery Rodrigues J\u00fanior, atual coordenador-geral de assessoria econ\u00f4mica da Fazenda.<\/p>\n<p>A secretaria de moderniza\u00e7\u00e3o do Estado ter\u00e1 como prioridade o aprimoramento da plataforma de \u201cgoverno digital\u201d e desenvolvimento de pol\u00edticas para melhorar a gest\u00e3o de pessoal, como reformas que permitam a revis\u00e3o do plano de carreira e flexibiliza\u00e7\u00e3o de servidores na Esplanada.<\/p>\n<p>Um dos cotados \u00e9 Paulo Uebel, ex-secret\u00e1rio de gest\u00e3o de Jo\u00e3o Doria.<\/p>\n<p>Os planos de Guedes, no entanto, enfrentam resist\u00eancias. Representantes da bancada evang\u00e9lica tentam convencer Bolsonaro a manter pelo menos a pasta da Ind\u00fastria e Com\u00e9rcio independente.<\/p>\n<p>A pasta ficaria tamb\u00e9m com assuntos relacionados ao emprego.<\/p>\n<p>Folha Press<\/p>\n","protected":false},"excerpt":{"rendered":"<p>O futuro ministro da Economia Paulo Guedes escolheu Pedro Guimar\u00e3es para ocupar a presid\u00eancia da Caixa Econ\u00f4mica Federal (CEF). Pelo estatuto do banco, o nome&hellip; <\/p>\n","protected":false},"author":1,"featured_media":59745,"comment_status":"closed","ping_status":"closed","sticky":false,"template":"","format":"standard","meta":{"sfsi_plus_gutenberg_text_before_share":"","sfsi_plus_gutenberg_show_text_before_share":"","sfsi_plus_gutenberg_icon_type":"","sfsi_plus_gutenberg_icon_alignemt":"","sfsi_plus_gutenburg_max_per_row":"","footnotes":""},"categories":[11],"tags":[],"class_list":["post-73819","post","type-post","status-publish","format-standard","has-post-thumbnail","hentry","category-politica"],"_links":{"self":[{"href":"https:\/\/www.caririemacao.com\/1\/wp-json\/wp\/v2\/posts\/73819","targetHints":{"allow":["GET"]}}],"collection":[{"href":"https:\/\/www.caririemacao.com\/1\/wp-json\/wp\/v2\/posts"}],"about":[{"href":"https:\/\/www.caririemacao.com\/1\/wp-json\/wp\/v2\/types\/post"}],"author":[{"embeddable":true,"href":"https:\/\/www.caririemacao.com\/1\/wp-json\/wp\/v2\/users\/1"}],"replies":[{"embeddable":true,"href":"https:\/\/www.caririemacao.com\/1\/wp-json\/wp\/v2\/comments?post=73819"}],"version-history":[{"count":1,"href":"https:\/\/www.caririemacao.com\/1\/wp-json\/wp\/v2\/posts\/73819\/revisions"}],"predecessor-version":[{"id":73820,"href":"https:\/\/www.caririemacao.com\/1\/wp-json\/wp\/v2\/posts\/73819\/revisions\/73820"}],"wp:featuredmedia":[{"embeddable":true,"href":"https:\/\/www.caririemacao.com\/1\/wp-json\/wp\/v2\/media\/59745"}],"wp:attachment":[{"href":"https:\/\/www.caririemacao.com\/1\/wp-json\/wp\/v2\/media?parent=73819"}],"wp:term":[{"taxonomy":"category","embeddable":true,"href":"https:\/\/www.caririemacao.com\/1\/wp-json\/wp\/v2\/categories?post=73819"},{"taxonomy":"post_tag","embeddable":true,"href":"https:\/\/www.caririemacao.com\/1\/wp-json\/wp\/v2\/tags?post=73819"}],"curies":[{"name":"wp","href":"https:\/\/api.w.org\/{rel}","templated":true}]}}