{"id":73822,"date":"2018-11-21T21:15:48","date_gmt":"2018-11-22T00:15:48","guid":{"rendered":"http:\/\/www.caririemacao.com\/1\/?p=73822"},"modified":"2018-11-21T21:16:25","modified_gmt":"2018-11-22T00:16:25","slug":"saida-de-cubanos-deixa-unidades-de-saude-sem-medicos-pacientes-enfrentam-filas-e-dificuldade-para-marcar-consultas","status":"publish","type":"post","link":"https:\/\/www.caririemacao.com\/1\/2018\/11\/21\/saida-de-cubanos-deixa-unidades-de-saude-sem-medicos-pacientes-enfrentam-filas-e-dificuldade-para-marcar-consultas\/","title":{"rendered":"Sa\u00edda de cubanos deixa unidades de sa\u00fade sem m\u00e9dicos; pacientes enfrentam filas e dificuldade para marcar consultas"},"content":{"rendered":"<article>\n<div class=\"mc-column content-text active-extra-styles active-capital-letter\" data-block-id=\"2\" data-block-weight=\"39\" data-block-type=\"unstyled\">\n<p class=\"content-text__container theme-color-primary-first-letter\" data-track-links=\"\" data-track-category=\"Link no Texto\">Cidades pelo pa\u00eds come\u00e7am a sentir os reflexos da sa\u00edda dos cubanos que atuavam no programa Mais M\u00e9dicos. Pacientes enfrentaram filas e atrasos para atendimentos nesta quarta-feira (21) e, em alguns postos, n\u00e3o havia m\u00e9dicos para realizar as consultas.<\/p>\n<\/div>\n<div class=\"wall protected-content\">\n<div class=\"mc-column content-text active-extra-styles \" data-block-id=\"3\" data-block-weight=\"12\" data-block-type=\"unstyled\">\n<p class=\"content-text__container \" data-track-links=\"\" data-track-category=\"Link no Texto\">Reportagem do G1 registrou problemas em cidades de pelo menos 12 estados.<\/p>\n<\/div>\n<div class=\"mc-column content-text active-extra-styles \" data-block-id=\"4\" data-block-weight=\"41\" data-block-type=\"unstyled\">\n<p class=\"content-text__container \" data-track-links=\"\" data-track-category=\"Link no Texto\">Em cidades como<span class=\"Apple-converted-space\">\u00a0<\/span>S\u00e3o Paulo,<span class=\"Apple-converted-space\">\u00a0<\/span>Itapecerica da Serra (SP),<span class=\"Apple-converted-space\">\u00a0<\/span>Mat\u00e3o (SP),<span class=\"Apple-converted-space\">\u00a0<\/span>Ponta Grossa (PR),<span class=\"Apple-converted-space\">\u00a0<\/span>Novo Hamburgo (RS), S\u00e3o Leopoldo (RS), Gravata\u00ed (RS),<span class=\"Apple-converted-space\">\u00a0<\/span>Cruzeiro do Sul (AC),<span class=\"Apple-converted-space\">\u00a0<\/span>Campinas (SP),<span class=\"Apple-converted-space\">\u00a0<\/span>S\u00e3o Miguel Arcanjo (SP)<span class=\"Apple-converted-space\">\u00a0<\/span>e<span class=\"Apple-converted-space\">\u00a0<\/span>Uberaba (MG), unidades de sa\u00fade est\u00e3o sem m\u00e9dico.<\/p>\n<\/div>\n<div class=\"mc-column content-text active-extra-styles \" data-block-id=\"5\" data-block-weight=\"43\" data-block-type=\"unstyled\">\n<p class=\"content-text__container \" data-track-links=\"\" data-track-category=\"Link no Texto\">Em<span class=\"Apple-converted-space\">\u00a0<\/span>Goi\u00e1s, h\u00e1 153 cidades com m\u00e9dicos contratados pelo Mais M\u00e9dicos, sendo que em 94 h\u00e1 cubanos atendendo. Em 24,83% delas, ou seja, 38 munic\u00edpios, h\u00e1 apenas profissionais do pa\u00eds caribenho no programa do governo federal, segundo dados da Secretaria Estadual de Sa\u00fade.<\/p>\n<\/div>\n<div class=\"mc-column content-text active-extra-styles \" data-block-id=\"6\" data-block-weight=\"35\" data-block-type=\"unstyled\">\n<p class=\"content-text__container \" data-track-links=\"\" data-track-category=\"Link no Texto\">Em Mat\u00e3o (SP), na USF do bairro Cadioli, tr\u00eas m\u00e9dicos cubanos s\u00e3o respons\u00e1veis pelo atendimento de cerca de 20 pacientes por per\u00edodo. Mas, nesta quarta-feira,<span class=\"Apple-converted-space\">\u00a0<\/span>a sala de espera e os consult\u00f3rios foram encontrados vazios.<\/p>\n<\/div>\n<div class=\"mc-column content-text active-extra-styles \" data-block-id=\"7\" data-block-weight=\"31\" data-block-type=\"unstyled\">\n<p class=\"content-text__container \" data-track-links=\"\" data-track-category=\"Link no Texto\">Profissionais cubanos que estavam em cidades do Paran\u00e1 e do Rio Grande do Sul disseram que receberam um comunicado do governo cubano cancelando imediatamente os atendimentos dos m\u00e9dicos intercambistas no Brasil.<\/p>\n<\/div>\n<div class=\"mc-column content-text active-extra-styles \" data-block-id=\"8\" data-block-weight=\"43\" data-block-type=\"unstyled\">\n<p class=\"content-text__container \" data-track-links=\"\" data-track-category=\"Link no Texto\">A sa\u00edda do Mais M\u00e9dicos foi anunciada no dia<span class=\"Apple-converted-space\">\u00a0<\/span>14 de novembro pelo governo cubano, sem informar at\u00e9 quando os m\u00e9dicos atuariam no programa. A previs\u00e3o da Organiza\u00e7\u00e3o Pan-Americana da Sa\u00fade (Opas) \u00e9 de que todos voltem para Cuba at\u00e9 12 de dezembro.<\/p>\n<\/div>\n<div class=\"mc-column content-text active-extra-styles \" data-block-id=\"9\" data-block-weight=\"31\" data-block-type=\"unstyled\">\n<p class=\"content-text__container \" data-track-links=\"\" data-track-category=\"Link no Texto\">Ao comunicar que deixaria o Mais M\u00e9dicos, o governo do pa\u00eds citou &#8220;refer\u00eancias diretas, depreciativas e amea\u00e7adoras&#8221; feitas pelo presidente eleito Jair Bolsonaro (PSL) \u00e0 presen\u00e7a dos m\u00e9dicos cubanos no Brasil.<\/p>\n<\/div>\n<div class=\"mc-column content-text active-extra-styles \" data-block-id=\"10\" data-block-weight=\"31\" data-block-type=\"unstyled\">\n<p class=\"content-text__container \" data-track-links=\"\" data-track-category=\"Link no Texto\">Cuba come\u00e7ou a enviar profissionais para atuar no Sistema \u00danico de Sa\u00fade em 2013, quando o programa foi criado pela presidente Dilma Rousseff (PT) para atender regi\u00f5es carentes sem cobertura m\u00e9dica.<\/p>\n<\/div>\n<div class=\"content-ads content-ads--reveal\" data-block-id=\"11\" data-block-type=\"ads\">\n<div id=\"banner_materia2\" class=\"tag-manager-publicidade-container has-reveal has-ad-lazyload tag-manager-publicidade-banner_materia2 tag-manager-publicidade-container--carregado tag-manager-publicidade-container--visivel\" data-id=\"banner_materia2\" data-lid=\"4546159157\" data-cid=\"138248429008\" data-google-query-id=\"CN6j_O3a5t4CFUFTwQodwKYA7w\">\n<div id=\"google_ads_iframe_\/95377733\/tvg_G1\/Ciencia_e_Saude_2__container__\"><\/div>\n<\/div>\n<\/div>\n<div class=\"row medium-uncollapsed content-media content-photo\" data-block-id=\"12\" data-block-type=\"backstage-photo\">\n<div class=\"mc-column content-media__container\">\n<div class=\"progressive-img can-open-lightbox\" data-media-index=\"1\" data-max-size-url=\"https:\/\/s2.glbimg.com\/SmeG21OWZ3zBnkf_Ppa5lK1s4YA=\/0x0:1060x714\/1600x0\/smart\/filters:strip_icc()\/i.s3.glbimg.com\/v1\/AUTH_59edd422c0c84a879bd37670ae4f538a\/internal_photos\/bs\/2018\/X\/H\/AWVGgrT9msOIBxzhNlsg\/placa.jpg\" data-max-size=\"1600x1077\" data-min-size-url=\"https:\/\/s2.glbimg.com\/W8ulD_bVtuUxkivAbTudW8EjOwA=\/0x0:1060x714\/1008x0\/smart\/filters:strip_icc()\/i.s3.glbimg.com\/v1\/AUTH_59edd422c0c84a879bd37670ae4f538a\/internal_photos\/bs\/2018\/X\/H\/AWVGgrT9msOIBxzhNlsg\/placa.jpg\" data-min-size=\"1008x678\">\n<div class=\"placeholder-container\"><\/div>\n<p><img decoding=\"async\" class=\"progressive-draft\" title=\"Placa em posto de S\u00e3o Leopoldo avisa que n\u00e3o h\u00e1 m\u00e9dicos \u2014 Foto: Reprodu\u00e7\u00e3o\/RBS TV\" src=\"data:image\/jpeg;base64,\/9j\/4AAQSkZJRgABAQAAAQABAAD\/2wBDAAMCAgMCAgMDAwMEAwMEBQgFBQQEBQoHBwYIDAoMDAsKCwsNDhIQDQ4RDgsLEBYQERMUFRUVDA8XGBYUGBIUFRT\/2wBDAQMEBAUEBQkFBQkUDQsNFBQUFBQUFBQUFBQUFBQUFBQUFBQUFBQUFBQUFBQUFBQUFBQUFBQUFBQUFBQUFBQUFBT\/wgARCAARABkDASIAAhEBAxEB\/8QAGAAAAwEBAAAAAAAAAAAAAAAAAAUHBAb\/xAAXAQADAQAAAAAAAAAAAAAAAAADBAUG\/9oADAMBAAIQAxAAAAFHibJ3c\/rnlInlVWi8+Anl+QKsj\/\/EAB8QAAEDAwUAAAAAAAAAAAAAAAIAAQMFBhIRFjE2Qv\/aAAgBAQABBQKtRsNxshDV1XxfcIjKohkyxVzdg8ycL\/\/EAB0RAAEDBQEAAAAAAAAAAAAAAAEAAhEDITEy8HH\/2gAIAQMBAT8BeXTbrqsTAnsIYPpVbZf\/xAAeEQACAAYDAAAAAAAAAAAAAAAAAQIDBRExgRKRsf\/aAAgBAgEBPwGdFaPrxFMd+eh5WiVg\/8QAJRABAAADBQkAAAAAAAAAAAAAAQACEQQQITFhBSAycoGRkqGx\/9oACAEBAAY\/AtoYDjLmaRwy+JAIUdLrdQrhI+oym7QKPUutXLL8Nz\/\/xAAeEAABAwUBAQAAAAAAAAAAAAABABEhEDFBUXFh8P\/aAAgBAQABPyEBTCBg3FABg+NKCHkGOuJlOjBDwsBrtRxxL+FVYXq52n\/\/2gAMAwEAAgADAAAAEKJf4\/\/EABwRAAIBBQEAAAAAAAAAAAAAAAExABARIVFx8P\/aAAgBAwEBPxAXMWV1BT3suPU3S\/\/EAB0RAAECBwAAAAAAAAAAAAAAAAABEBEhQVGhsfD\/2gAIAQIBAT8QlkaAR6XMHRG\/\/8QAHhABAAIBBQEBAAAAAAAAAAAAAQARIRAxUWGhwfD\/2gAIAQEAAT8QT94hJ2R3+QZphsgXLNACrzbEW5Y02Ghd3y5R1+NoPMckAFrbTEvw6PvHPW0\/\/9k=\" alt=\"Placa em posto de S\u00e3o Leopoldo avisa que n\u00e3o h\u00e1 m\u00e9dicos \u2014 Foto: Reprodu\u00e7\u00e3o\/RBS TV\" \/><picture><source srcset=\"https:\/\/s2.glbimg.com\/abOhkFOsU-2sQJpeK8Ll1esLTJ0=\/0x0:1060x714\/600x0\/smart\/filters:strip_icc()\/i.s3.glbimg.com\/v1\/AUTH_59edd422c0c84a879bd37670ae4f538a\/internal_photos\/bs\/2018\/X\/H\/AWVGgrT9msOIBxzhNlsg\/placa.jpg 1x, https:\/\/s2.glbimg.com\/OJNYSScFp48yBoAIKqN7ddLaWE8=\/0x0:1060x714\/1200x0\/smart\/filters:strip_icc()\/i.s3.glbimg.com\/v1\/AUTH_59edd422c0c84a879bd37670ae4f538a\/internal_photos\/bs\/2018\/X\/H\/AWVGgrT9msOIBxzhNlsg\/placa.jpg 2x\" media=\"(max-width: 1024px)\" data-src=\"https:\/\/s2.glbimg.com\/abOhkFOsU-2sQJpeK8Ll1esLTJ0=\/0x0:1060x714\/600x0\/smart\/filters:strip_icc()\/i.s3.glbimg.com\/v1\/AUTH_59edd422c0c84a879bd37670ae4f538a\/internal_photos\/bs\/2018\/X\/H\/AWVGgrT9msOIBxzhNlsg\/placa.jpg 1x, https:\/\/s2.glbimg.com\/OJNYSScFp48yBoAIKqN7ddLaWE8=\/0x0:1060x714\/1200x0\/smart\/filters:strip_icc()\/i.s3.glbimg.com\/v1\/AUTH_59edd422c0c84a879bd37670ae4f538a\/internal_photos\/bs\/2018\/X\/H\/AWVGgrT9msOIBxzhNlsg\/placa.jpg 2x\" \/><source srcset=\"https:\/\/s2.glbimg.com\/GylUzFLAEUJK5mYZy8KIly1jP14=\/0x0:1060x714\/640x0\/smart\/filters:strip_icc()\/i.s3.glbimg.com\/v1\/AUTH_59edd422c0c84a879bd37670ae4f538a\/internal_photos\/bs\/2018\/X\/H\/AWVGgrT9msOIBxzhNlsg\/placa.jpg 1x, https:\/\/s2.glbimg.com\/xjQg8wX6hdjAPMe_kTTFqtt09qk=\/0x0:1060x714\/1280x0\/smart\/filters:strip_icc()\/i.s3.glbimg.com\/v1\/AUTH_59edd422c0c84a879bd37670ae4f538a\/internal_photos\/bs\/2018\/X\/H\/AWVGgrT9msOIBxzhNlsg\/placa.jpg 2x\" media=\"(max-width: 1280px)\" data-src=\"https:\/\/s2.glbimg.com\/GylUzFLAEUJK5mYZy8KIly1jP14=\/0x0:1060x714\/640x0\/smart\/filters:strip_icc()\/i.s3.glbimg.com\/v1\/AUTH_59edd422c0c84a879bd37670ae4f538a\/internal_photos\/bs\/2018\/X\/H\/AWVGgrT9msOIBxzhNlsg\/placa.jpg 1x, https:\/\/s2.glbimg.com\/xjQg8wX6hdjAPMe_kTTFqtt09qk=\/0x0:1060x714\/1280x0\/smart\/filters:strip_icc()\/i.s3.glbimg.com\/v1\/AUTH_59edd422c0c84a879bd37670ae4f538a\/internal_photos\/bs\/2018\/X\/H\/AWVGgrT9msOIBxzhNlsg\/placa.jpg 2x\" \/><source srcset=\"https:\/\/s2.glbimg.com\/YVY-SzlWNtRWXWTSAujqCBQa3Y4=\/0x0:1060x714\/984x0\/smart\/filters:strip_icc()\/i.s3.glbimg.com\/v1\/AUTH_59edd422c0c84a879bd37670ae4f538a\/internal_photos\/bs\/2018\/X\/H\/AWVGgrT9msOIBxzhNlsg\/placa.jpg 1x, https:\/\/s2.glbimg.com\/eotSxkhcAiTmgoMUTXHSnxi7hCE=\/0x0:1060x714\/1968x0\/smart\/filters:strip_icc()\/i.s3.glbimg.com\/v1\/AUTH_59edd422c0c84a879bd37670ae4f538a\/internal_photos\/bs\/2018\/X\/H\/AWVGgrT9msOIBxzhNlsg\/placa.jpg 2x\" media=\"(max-width: 1360px)\" data-src=\"https:\/\/s2.glbimg.com\/YVY-SzlWNtRWXWTSAujqCBQa3Y4=\/0x0:1060x714\/984x0\/smart\/filters:strip_icc()\/i.s3.glbimg.com\/v1\/AUTH_59edd422c0c84a879bd37670ae4f538a\/internal_photos\/bs\/2018\/X\/H\/AWVGgrT9msOIBxzhNlsg\/placa.jpg 1x, https:\/\/s2.glbimg.com\/eotSxkhcAiTmgoMUTXHSnxi7hCE=\/0x0:1060x714\/1968x0\/smart\/filters:strip_icc()\/i.s3.glbimg.com\/v1\/AUTH_59edd422c0c84a879bd37670ae4f538a\/internal_photos\/bs\/2018\/X\/H\/AWVGgrT9msOIBxzhNlsg\/placa.jpg 2x\" \/><source srcset=\"https:\/\/s2.glbimg.com\/zw1z1bUWHz9MeyZIj8X5L0dD_rU=\/0x0:1060x714\/1000x0\/smart\/filters:strip_icc()\/i.s3.glbimg.com\/v1\/AUTH_59edd422c0c84a879bd37670ae4f538a\/internal_photos\/bs\/2018\/X\/H\/AWVGgrT9msOIBxzhNlsg\/placa.jpg 1x, https:\/\/s2.glbimg.com\/_DWTQ3dda2JRbJljVab2-7fNs-U=\/0x0:1060x714\/2000x0\/smart\/filters:strip_icc()\/i.s3.glbimg.com\/v1\/AUTH_59edd422c0c84a879bd37670ae4f538a\/internal_photos\/bs\/2018\/X\/H\/AWVGgrT9msOIBxzhNlsg\/placa.jpg 2x\" media=\"(min-width: 1361px)\" data-src=\"https:\/\/s2.glbimg.com\/zw1z1bUWHz9MeyZIj8X5L0dD_rU=\/0x0:1060x714\/1000x0\/smart\/filters:strip_icc()\/i.s3.glbimg.com\/v1\/AUTH_59edd422c0c84a879bd37670ae4f538a\/internal_photos\/bs\/2018\/X\/H\/AWVGgrT9msOIBxzhNlsg\/placa.jpg 1x, https:\/\/s2.glbimg.com\/_DWTQ3dda2JRbJljVab2-7fNs-U=\/0x0:1060x714\/2000x0\/smart\/filters:strip_icc()\/i.s3.glbimg.com\/v1\/AUTH_59edd422c0c84a879bd37670ae4f538a\/internal_photos\/bs\/2018\/X\/H\/AWVGgrT9msOIBxzhNlsg\/placa.jpg 2x\" \/><source srcset=\"https:\/\/s2.glbimg.com\/YVY-SzlWNtRWXWTSAujqCBQa3Y4=\/0x0:1060x714\/984x0\/smart\/filters:strip_icc()\/i.s3.glbimg.com\/v1\/AUTH_59edd422c0c84a879bd37670ae4f538a\/internal_photos\/bs\/2018\/X\/H\/AWVGgrT9msOIBxzhNlsg\/placa.jpg\" data-src=\"https:\/\/s2.glbimg.com\/YVY-SzlWNtRWXWTSAujqCBQa3Y4=\/0x0:1060x714\/984x0\/smart\/filters:strip_icc()\/i.s3.glbimg.com\/v1\/AUTH_59edd422c0c84a879bd37670ae4f538a\/internal_photos\/bs\/2018\/X\/H\/AWVGgrT9msOIBxzhNlsg\/placa.jpg\" \/><img decoding=\"async\" class=\"image content-media__image progressive-loaded\" title=\"Placa em posto de S\u00e3o Leopoldo avisa que n\u00e3o h\u00e1 m\u00e9dicos \u2014 Foto: Reprodu\u00e7\u00e3o\/RBS TV\" src=\"https:\/\/s2.glbimg.com\/YVY-SzlWNtRWXWTSAujqCBQa3Y4=\/0x0:1060x714\/984x0\/smart\/filters:strip_icc()\/i.s3.glbimg.com\/v1\/AUTH_59edd422c0c84a879bd37670ae4f538a\/internal_photos\/bs\/2018\/X\/H\/AWVGgrT9msOIBxzhNlsg\/placa.jpg\" alt=\"Placa em posto de S\u00e3o Leopoldo avisa que n\u00e3o h\u00e1 m\u00e9dicos \u2014 Foto: Reprodu\u00e7\u00e3o\/RBS TV\" data-src=\"https:\/\/s2.glbimg.com\/YVY-SzlWNtRWXWTSAujqCBQa3Y4=\/0x0:1060x714\/984x0\/smart\/filters:strip_icc()\/i.s3.glbimg.com\/v1\/AUTH_59edd422c0c84a879bd37670ae4f538a\/internal_photos\/bs\/2018\/X\/H\/AWVGgrT9msOIBxzhNlsg\/placa.jpg\" \/><\/picture>\n<\/div>\n<p class=\"content-media__description \">Placa em posto de S\u00e3o Leopoldo avisa que n\u00e3o h\u00e1 m\u00e9dicos \u2014 Foto: Reprodu\u00e7\u00e3o\/RBS TV<\/p>\n<\/div>\n<\/div>\n<div class=\"mc-column content-text active-extra-styles \" data-block-id=\"13\" data-block-weight=\"26\" data-block-type=\"unstyled\">\n<p class=\"content-text__container \" data-track-links=\"\" data-track-category=\"Link no Texto\">Em Campinas, al\u00e9m de n\u00e3o encontrar m\u00e9dicos, pacientes n\u00e3o est\u00e3o conseguindo agendar consultas.<span class=\"Apple-converted-space\">\u00a0<\/span>Dos 46 profissionais que atuavam pelo programa, 30 deixaram de trabalhar<span class=\"Apple-converted-space\">\u00a0<\/span>nesta quarta-feira.<\/p>\n<\/div>\n<div class=\"mc-column content-text active-extra-styles \" data-block-id=\"14\" data-block-weight=\"32\" data-block-type=\"unstyled\">\n<p class=\"content-text__container \" data-track-links=\"\" data-track-category=\"Link no Texto\">Em<span class=\"Apple-converted-space\">\u00a0<\/span>S\u00e3o Miguel Arcanjo, cidade paulista com 33 mil habitantes que tinha mais m\u00e9dicos cubanos que brasileiros no programa Sa\u00fade da Fam\u00edlia, pacientes reclamam da falta de atendimento em postos de sa\u00fade.<\/p>\n<\/div>\n<div class=\"mc-column content-text active-extra-styles \" data-block-id=\"15\" data-block-weight=\"43\" data-block-type=\"unstyled\">\n<p class=\"content-text__container \" data-track-links=\"\" data-track-category=\"Link no Texto\">Maria Nilsen, moradora na \u00e1rea rural da cidade, foi at\u00e9 o posto para marcar uma consulta por causa de uma dor no bra\u00e7o. Ap\u00f3s 15 minutos dentro da unidade, saiu desanimada. &#8220;N\u00e3o tem m\u00e9dicos e, at\u00e9 arrumarem tudo, n\u00e3o tem nem prazo&#8221;, disse.<\/p>\n<\/div>\n<div class=\"mc-column content-text active-extra-styles \" data-block-id=\"16\" data-block-weight=\"51\" data-block-type=\"unstyled\">\n<p class=\"content-text__container \" data-track-links=\"\" data-track-category=\"Link no Texto\">Dos 10 m\u00e9dicos que atuavam no programa Sa\u00fade da Fam\u00edlia em S\u00e3o Miguel Arcanjo, sete eram cubanos. Dois brasileiros j\u00e1 tinham deixado o programa, e agora s\u00f3 h\u00e1 um profissional trabalhando. &#8220;Temos um preju\u00edzo de consultas di\u00e1rias que n\u00e3o vamos conseguir repor t\u00e3o cedo&#8221;, disse a secret\u00e1ria de Sa\u00fade Katia Raskivicius.<\/p>\n<\/div>\n<div class=\"mc-column content-text active-extra-styles \" data-block-id=\"17\" data-block-weight=\"29\" data-block-type=\"unstyled\">\n<p class=\"content-text__container \" data-track-links=\"\" data-track-category=\"Link no Texto\">Em Hortol\u00e2ndia (SP),<span class=\"Apple-converted-space\">\u00a0<\/span>quatro unidades de sa\u00fade ficaram sem atendimento m\u00e9dico<span class=\"Apple-converted-space\">\u00a0<\/span>nesta quarta-feira (21) com a sa\u00edda de 18 cubanos. Juntas, essas UBSs ofereciam atendimento para 38 mil pessoas.<\/p>\n<\/div>\n<div class=\"mc-column content-text active-extra-styles \" data-block-id=\"18\" data-block-weight=\"48\" data-block-type=\"unstyled\">\n<p class=\"content-text__container \" data-track-links=\"\" data-track-category=\"Link no Texto\">Na UBS do Jardim Anal\u00e2ndia, em S\u00e3o Paulo, um aviso colado \u00e0 parede informava sobre a falta de cl\u00ednicos gerais. A dona de casa Rayane Pereira Rodrigues n\u00e3o conseguiu marcar consulta para a filha. &#8220;N\u00e3o tem previs\u00e3o para marcar, nem m\u00e9dico para atender beb\u00eas, nem paciente nenhum&#8221;, afirmou.<\/p>\n<\/div>\n<div class=\"content-ads content-ads--reveal\" data-block-id=\"19\" data-block-type=\"ads\">\n<div id=\"banner_materia__87a986d65c124dd6b9a118102c7eaac3\" class=\"tag-manager-publicidade-container has-reveal has-ad-lazyload tag-manager-publicidade-banner_materia__87a986d65c124dd6b9a118102c7eaac3 tag-manager-publicidade-container--carregado tag-manager-publicidade-container--visivel\" data-id=\"banner_materia__87a986d65c124dd6b9a118102c7eaac3\" data-lid=\"4860073151\" data-cid=\"138250161603\" data-google-query-id=\"CKCmovLa5t4CFQFTwQodlHQIRw\">\n<div id=\"google_ads_iframe_\/95377733\/tvg_G1\/Ciencia_e_Saude_3__container__\">No Sul de Minas Gerais,<span class=\"Apple-converted-space\">\u00a0<\/span>Po\u00e7os de Caldas \u00e9 a cidade mais impactada<span class=\"Apple-converted-space\">\u00a0<\/span>com a sa\u00edda de m\u00e9dicos cubanos. Esta quarta-feira (21) foi o primeiro dia em que nenhum deles foi trabalhar nas unidades de sa\u00fade.<\/div>\n<\/div>\n<\/div>\n<div class=\"mc-column content-text active-extra-styles \" data-block-id=\"21\" data-block-weight=\"51\" data-block-type=\"unstyled\">\n<p class=\"content-text__container \" data-track-links=\"\" data-track-category=\"Link no Texto\">Em<span class=\"Apple-converted-space\">\u00a0<\/span>Ribeir\u00e3o das Neves, tamb\u00e9m em MG, dezessete m\u00e9dicos cubanos se despediram dos pacientes e colegas. \u201cFoi uma tristeza. Pegou todo mundo de surpresa. N\u00e3o tem m\u00e9dico aqui e a gente n\u00e3o sabe quando teremos de novo\u201d, disse uma funcion\u00e1ria de um dos centros de sa\u00fade que n\u00e3o quis se identificar.<\/p>\n<\/div>\n<div class=\"mc-column content-text active-extra-styles\" data-block-id=\"22\" data-block-weight=\"3\" data-block-type=\"raw\">\n<div class=\"content-intertitle\">\n<h2>Reagendamento de consultas<\/h2>\n<\/div>\n<\/div>\n<div class=\"mc-column content-text active-extra-styles \" data-block-id=\"23\" data-block-weight=\"21\" data-block-type=\"unstyled\">\n<p class=\"content-text__container \" data-track-links=\"\" data-track-category=\"Link no Texto\">Os pacientes de Uberaba (SP) foram remanejados para outras unidades, mas s\u00f3 devem conseguir atendimento ap\u00f3s o dia 7 de dezembro.<\/p>\n<\/div>\n<div class=\"mc-column content-text active-extra-styles \" data-block-id=\"24\" data-block-weight=\"55\" data-block-type=\"unstyled\">\n<p class=\"content-text__container \" data-track-links=\"\" data-track-category=\"Link no Texto\">Em Sorocaba (SP),<span class=\"Apple-converted-space\">\u00a0<\/span>dez unidades de s\u00e1ude ser\u00e3o afetadas<span class=\"Apple-converted-space\">\u00a0<\/span>pela sa\u00edda dos 18 m\u00e9dicos cubanos que atuavam na cidade no programa Mais M\u00e9dicos. &#8220;Isso vai representar um reagendamento de pacientes at\u00e9 que a gente consiga repor esses m\u00e9dicos&#8221;, afirmou o gestor t\u00e9cnico de aten\u00e7\u00e3o b\u00e1sica da Secretaria de Sa\u00fade da cidade, Frederico Grizzi de Campos.<\/p>\n<\/div>\n<div class=\"mc-column content-text active-extra-styles \" data-block-id=\"25\" data-block-weight=\"48\" data-block-type=\"unstyled\">\n<p class=\"content-text__container \" data-track-links=\"\" data-track-category=\"Link no Texto\">Tamb\u00e9m est\u00e3o sendo reagendadas as consultas de pacientes de<span class=\"Apple-converted-space\">\u00a0<\/span>Mirand\u00f3polis (SP). Os cinco m\u00e9dicos cubanos da cidade, que representavam 62% do total, deixaram de trabalhar nesta ter\u00e7a-feira (20). Assim, as duas unidades de sa\u00fade da cidade, que faziam em m\u00e9dia 60 atendimentos por dia, agora far\u00e3o apenas 10.<\/p>\n<\/div>\n<div class=\"mc-column content-text active-extra-styles \" data-block-id=\"26\" data-block-weight=\"37\" data-block-type=\"unstyled\">\n<p class=\"content-text__container \" data-track-links=\"\" data-track-category=\"Link no Texto\">Em<span class=\"Apple-converted-space\">\u00a0<\/span>Piracicaba<span class=\"Apple-converted-space\">\u00a0<\/span>(SP), a Secretaria de Sa\u00fade ir\u00e1 redirecionar o atendimento dos pacientes das \u00e1reas de cl\u00ednica m\u00e9dica, pediatria e ginecologia para as Unidades B\u00e1sicas de Sa\u00fade (UBSs) e os Centros de Refer\u00eancia \u00e0 Aten\u00e7\u00e3o B\u00e1sica (CRABs).<\/p>\n<\/div>\n<div class=\"mc-column content-text active-extra-styles\" data-block-id=\"27\" data-block-weight=\"6\" data-block-type=\"raw\">\n<div class=\"content-intertitle\">\n<h2>Filas, horas extras e turnos dobrados<\/h2>\n<\/div>\n<\/div>\n<div class=\"mc-column content-text active-extra-styles \" data-block-id=\"28\" data-block-weight=\"36\" data-block-type=\"unstyled\">\n<p class=\"content-text__container \" data-track-links=\"\" data-track-category=\"Link no Texto\">Em locais como<span class=\"Apple-converted-space\">\u00a0<\/span>Ara\u00e7atuba (SP), onde 40% dos m\u00e9dicos eram cubanos, pacientes enfrentaram filas e atrasos para conseguir atendimento em unidades b\u00e1sicas de sa\u00fade. A prefeitura ofereceu hora extra para os profissionais darem conta da demanda.<\/p>\n<\/div>\n<div class=\"mc-column content-text active-extra-styles \" data-block-id=\"29\" data-block-weight=\"26\" data-block-type=\"unstyled\">\n<p class=\"content-text__container \" data-track-links=\"\" data-track-category=\"Link no Texto\">Em Cachoeirinha (RS), dois dos seis cubanos deixaram de trabalhar. A prefeitura busca dobrar os hor\u00e1rios de alguns m\u00e9dicos para dar conta da procura por atendimento.<\/p>\n<\/div>\n<div class=\"content-ads content-ads--reveal\" data-block-id=\"30\" data-block-type=\"ads\">\n<div id=\"banner_materia__f4f1a204d5f44c5ea22380a9ad3ba6b1\" class=\"tag-manager-publicidade-container has-reveal has-ad-lazyload tag-manager-publicidade-banner_materia__f4f1a204d5f44c5ea22380a9ad3ba6b1 tag-manager-publicidade-container--carregado tag-manager-publicidade-container--visivel\" data-id=\"banner_materia__f4f1a204d5f44c5ea22380a9ad3ba6b1\" data-lid=\"4844220635\" data-cid=\"138249317772\" data-google-query-id=\"CJyGtPXa5t4CFVBkwQodRr4AYA\">\n<div id=\"google_ads_iframe_\/95377733\/tvg_G1\/Ciencia_e_Saude_4__container__\"><\/div>\n<\/div>\n<\/div>\n<div class=\"mc-column content-text active-extra-styles \" data-block-id=\"31\" data-block-weight=\"66\" data-block-type=\"unstyled\">\n<p class=\"content-text__container \" data-track-links=\"\" data-track-category=\"Link no Texto\">Em Canoas (RS), os oito m\u00e9dicos cubanos prestavam atendimento a cerca de 30 mil pessoas por m\u00eas. Com a sa\u00edda deles do programa, parte das consultas precisou ser remarcada, e outra parte foi absorvida por turno estendido nesta ter\u00e7a. Apenas um dos m\u00e9dicos manteve a agenda. A Prefeitura de Canoas tem editais abertos para a contrata\u00e7\u00e3o de m\u00e9dicos brasileiros. No entanto, a procura tem sido baixa.<\/p>\n<\/div>\n<div class=\"mc-column content-text active-extra-styles \" data-block-id=\"32\" data-block-weight=\"51\" data-block-type=\"unstyled\">\n<p class=\"content-text__container \" data-track-links=\"\" data-track-category=\"Link no Texto\">Em Fernand\u00f3polis (SP), seis dos 26 m\u00e9dicos da rede municipal de sa\u00fade s\u00e3o cubanos. O trabalho deles na cidade termina nesta quarta. A partir desta quinta-feira (22), cinco unidades n\u00e3o ter\u00e3o mais atendimento m\u00e9dico, apenas odontol\u00f3gico e farmac\u00eautico. A Secretaria de Sa\u00fade estuda a possibilidade de remanejar profissionais de outras unidades.<\/p>\n<\/div>\n<div class=\"mc-column content-text active-extra-styles \" data-block-id=\"33\" data-block-weight=\"25\" data-block-type=\"unstyled\">\n<p class=\"content-text__container \" data-track-links=\"\" data-track-category=\"Link no Texto\">Em Limeira (SP),<span class=\"Apple-converted-space\">\u00a0<\/span>onde 38 m\u00e9dicos cubanos deixaram de atender, a administra\u00e7\u00e3o municipal tamb\u00e9m faz um remanejamento de profissionais para garantir o atendimento nas UBSs.<\/p>\n<\/div>\n<div class=\"mc-column content-text active-extra-styles\" data-block-id=\"34\" data-block-weight=\"6\" data-block-type=\"raw\">\n<div class=\"content-intertitle\">\n<h2>M\u00e9dicos n\u00e3o querem sair do pa\u00eds<\/h2>\n<\/div>\n<\/div>\n<div class=\"mc-column content-text active-extra-styles \" data-block-id=\"35\" data-block-weight=\"44\" data-block-type=\"unstyled\">\n<p class=\"content-text__container \" data-track-links=\"\" data-track-category=\"Link no Texto\">Na cidade de Recife (PE),<span class=\"Apple-converted-space\">\u00a0<\/span>o cubano Arnais Albriza, que mora no Brasil com a esposa e filhos, teve o contrato encerrado com o programa em maio de 2016, mas n\u00e3o desistiu de atuar como profissional de sa\u00fade e ir\u00e1 tentar uma nova vaga.<\/p>\n<\/div>\n<div class=\"mc-column content-text active-extra-styles \" data-block-id=\"36\" data-block-weight=\"40\" data-block-type=\"unstyled\">\n<p class=\"content-text__container \" data-track-links=\"\" data-track-category=\"Link no Texto\">&#8220;Vou tentar de novo porque sinto falta de atuar nos postos de sa\u00fade. Eu costumava atender 40, 50 pessoas por dia\u201d, conta o m\u00e9dico, que tamb\u00e9m afirma ter passado por comunidades em Olinda, em Paulista e em Jaboat\u00e3o dos Guararapes.<\/p>\n<\/div>\n<div class=\"mc-column content-text active-extra-styles\" data-block-id=\"37\" data-block-weight=\"5\" data-block-type=\"raw\">\n<div class=\"content-intertitle\">\n<h2>28 milh\u00f5es de pessoas afetadas<\/h2>\n<\/div>\n<\/div>\n<div class=\"mc-column content-text active-extra-styles \" data-block-id=\"38\" data-block-weight=\"37\" data-block-type=\"unstyled\">\n<p class=\"content-text__container \" data-track-links=\"\" data-track-category=\"Link no Texto\">Segundo a Confedera\u00e7\u00e3o Nacional dos Munic\u00edpios,<span class=\"Apple-converted-space\">\u00a0<\/span>a sa\u00edda dos m\u00e9dicos cubanos do programa Mais M\u00e9dicos afetar\u00e1 mais de 28 milh\u00f5es de pessoas<span class=\"Apple-converted-space\">\u00a0<\/span>que vivem em munic\u00edpios onde o atendimento \u00e9 feito s\u00f3 por profissionais vindos de Cuba.<\/p>\n<\/div>\n<div class=\"mc-column content-text active-extra-styles \" data-block-id=\"39\" data-block-weight=\"47\" data-block-type=\"unstyled\">\n<p class=\"content-text__container \" data-track-links=\"\" data-track-category=\"Link no Texto\">&#8220;Entre os 1.575 munic\u00edpios que possuem somente m\u00e9dico cubano do programa, 80% possuem menos de 20 mil habitantes. Dessa forma, a sa\u00edda desses m\u00e9dicos sem a garantia de outros profissionais pode gerar a desassist\u00eancia b\u00e1sica de sa\u00fade a mais de 28 milh\u00f5es de pessoas&#8221;, afirmou a entidade.<\/p>\n<\/div>\n<div class=\"content-ads content-ads--reveal\" data-block-id=\"40\" data-block-type=\"ads\">\n<div id=\"banner_materia__d74083d86ec54790b576bc592481507c\" class=\"tag-manager-publicidade-container has-reveal has-ad-lazyload tag-manager-publicidade-banner_materia__d74083d86ec54790b576bc592481507c tag-manager-publicidade-container--carregado tag-manager-publicidade-container--visivel\" data-id=\"banner_materia__d74083d86ec54790b576bc592481507c\" data-lid=\"4860495504\" data-cid=\"138250320687\" data-google-query-id=\"CKaT9ffa5t4CFcx_wQodc3AI4A\">\n<div id=\"google_ads_iframe_\/95377733\/tvg_G1\/Ciencia_e_Saude_5__container__\">Ainda na nota divulgada nesta quinta, a Confedera\u00e7\u00e3o Nacional dos Munic\u00edpios afirmou que a situa\u00e7\u00e3o \u00e9 de &#8220;extrema preocupa\u00e7\u00e3o&#8221; e exige a supera\u00e7\u00e3o &#8220;em curto prazo&#8221;.<\/div>\n<\/div>\n<\/div>\n<\/div>\n<\/article>\n<div class=\"glbComentarios\"><\/div>\n<div><\/div>\n<div>G1<\/div>\n","protected":false},"excerpt":{"rendered":"<p>Cidades pelo pa\u00eds come\u00e7am a sentir os reflexos da sa\u00edda dos cubanos que atuavam no programa Mais M\u00e9dicos. Pacientes enfrentaram filas e atrasos para atendimentos&hellip; <\/p>\n","protected":false},"author":1,"featured_media":73823,"comment_status":"closed","ping_status":"closed","sticky":false,"template":"","format":"standard","meta":{"sfsi_plus_gutenberg_text_before_share":"","sfsi_plus_gutenberg_show_text_before_share":"","sfsi_plus_gutenberg_icon_type":"","sfsi_plus_gutenberg_icon_alignemt":"","sfsi_plus_gutenburg_max_per_row":"","footnotes":""},"categories":[50,16],"tags":[],"class_list":["post-73822","post","type-post","status-publish","format-standard","has-post-thumbnail","hentry","category-destaque","category-saude"],"_links":{"self":[{"href":"https:\/\/www.caririemacao.com\/1\/wp-json\/wp\/v2\/posts\/73822","targetHints":{"allow":["GET"]}}],"collection":[{"href":"https:\/\/www.caririemacao.com\/1\/wp-json\/wp\/v2\/posts"}],"about":[{"href":"https:\/\/www.caririemacao.com\/1\/wp-json\/wp\/v2\/types\/post"}],"author":[{"embeddable":true,"href":"https:\/\/www.caririemacao.com\/1\/wp-json\/wp\/v2\/users\/1"}],"replies":[{"embeddable":true,"href":"https:\/\/www.caririemacao.com\/1\/wp-json\/wp\/v2\/comments?post=73822"}],"version-history":[{"count":2,"href":"https:\/\/www.caririemacao.com\/1\/wp-json\/wp\/v2\/posts\/73822\/revisions"}],"predecessor-version":[{"id":73825,"href":"https:\/\/www.caririemacao.com\/1\/wp-json\/wp\/v2\/posts\/73822\/revisions\/73825"}],"wp:featuredmedia":[{"embeddable":true,"href":"https:\/\/www.caririemacao.com\/1\/wp-json\/wp\/v2\/media\/73823"}],"wp:attachment":[{"href":"https:\/\/www.caririemacao.com\/1\/wp-json\/wp\/v2\/media?parent=73822"}],"wp:term":[{"taxonomy":"category","embeddable":true,"href":"https:\/\/www.caririemacao.com\/1\/wp-json\/wp\/v2\/categories?post=73822"},{"taxonomy":"post_tag","embeddable":true,"href":"https:\/\/www.caririemacao.com\/1\/wp-json\/wp\/v2\/tags?post=73822"}],"curies":[{"name":"wp","href":"https:\/\/api.w.org\/{rel}","templated":true}]}}