{"id":73826,"date":"2018-11-21T21:25:25","date_gmt":"2018-11-22T00:25:25","guid":{"rendered":"http:\/\/www.caririemacao.com\/1\/?p=73826"},"modified":"2018-11-21T21:27:06","modified_gmt":"2018-11-22T00:27:06","slug":"colisao-entre-onibus-e-carro-deixa-uma-pessoa-morta-entre-monteiro-e-sertania","status":"publish","type":"post","link":"https:\/\/www.caririemacao.com\/1\/2018\/11\/21\/colisao-entre-onibus-e-carro-deixa-uma-pessoa-morta-entre-monteiro-e-sertania\/","title":{"rendered":"Colis\u00e3o entre \u00f4nibus e carro deixa uma pessoa morta entre Monteiro e Sert\u00e2nia"},"content":{"rendered":"<p>Uma pessoa morreu e duas ficaram feridas em um grave acidente ocorrido por volta das 19h da noite desta quinta-feira (21), na estrada que liga os munic\u00edpios de Monteiro, na Para\u00edba, e Sert\u00e2nia, no Pernambuco. O acidente ocorreu mais precisamente ap\u00f3s o distrito de Pernambuquinho, j\u00e1 no vizinho estado de Pernambuco.<\/p>\n<p>Conforme informa\u00e7\u00f5es preliminares apuradas pela reportagem do Portal VITRINE DO CARIRI, o acidente envolveu um \u00f4nibus escolar de Sert\u00e2nia que seguia com estudantes para Monteiro, e um carro de passeio, com ocupantes de Monteiro. O carro de passeio tentou fazer uma ultrapassagem em uma curva e acabou colidindo frontalmente com o \u00f4nibus.<\/p>\n<p>O motorista do carro morreu no local e outros dois ocupantes foram socorridos para o Hospital Regional de Monteiro em estado grave. Nenhum ocupante do \u00f4nibus ficou ferido.<\/p>\n<p>A Pol\u00edcia de Pernambuco foi acionada e est\u00e1 no local. Populares informaram que o motorista do carro tentou desviar de um buraco na pista e acabou colidindo com o \u00f4nibus.<\/p>\n<p><strong>VITRINE DO CARIRI<\/strong><\/p>\n","protected":false},"excerpt":{"rendered":"<p>Uma pessoa morreu e duas ficaram feridas em um grave acidente ocorrido por volta das 19h da noite desta quinta-feira (21), na estrada que liga&hellip; <\/p>\n","protected":false},"author":1,"featured_media":44546,"comment_status":"closed","ping_status":"closed","sticky":false,"template":"","format":"standard","meta":{"sfsi_plus_gutenberg_text_before_share":"","sfsi_plus_gutenberg_show_text_before_share":"","sfsi_plus_gutenberg_icon_type":"","sfsi_plus_gutenberg_icon_alignemt":"","sfsi_plus_gutenburg_max_per_row":"","footnotes":""},"categories":[50,12],"tags":[],"class_list":["post-73826","post","type-post","status-publish","format-standard","has-post-thumbnail","hentry","category-destaque","category-policia"],"_links":{"self":[{"href":"https:\/\/www.caririemacao.com\/1\/wp-json\/wp\/v2\/posts\/73826","targetHints":{"allow":["GET"]}}],"collection":[{"href":"https:\/\/www.caririemacao.com\/1\/wp-json\/wp\/v2\/posts"}],"about":[{"href":"https:\/\/www.caririemacao.com\/1\/wp-json\/wp\/v2\/types\/post"}],"author":[{"embeddable":true,"href":"https:\/\/www.caririemacao.com\/1\/wp-json\/wp\/v2\/users\/1"}],"replies":[{"embeddable":true,"href":"https:\/\/www.caririemacao.com\/1\/wp-json\/wp\/v2\/comments?post=73826"}],"version-history":[{"count":1,"href":"https:\/\/www.caririemacao.com\/1\/wp-json\/wp\/v2\/posts\/73826\/revisions"}],"predecessor-version":[{"id":73828,"href":"https:\/\/www.caririemacao.com\/1\/wp-json\/wp\/v2\/posts\/73826\/revisions\/73828"}],"wp:featuredmedia":[{"embeddable":true,"href":"https:\/\/www.caririemacao.com\/1\/wp-json\/wp\/v2\/media\/44546"}],"wp:attachment":[{"href":"https:\/\/www.caririemacao.com\/1\/wp-json\/wp\/v2\/media?parent=73826"}],"wp:term":[{"taxonomy":"category","embeddable":true,"href":"https:\/\/www.caririemacao.com\/1\/wp-json\/wp\/v2\/categories?post=73826"},{"taxonomy":"post_tag","embeddable":true,"href":"https:\/\/www.caririemacao.com\/1\/wp-json\/wp\/v2\/tags?post=73826"}],"curies":[{"name":"wp","href":"https:\/\/api.w.org\/{rel}","templated":true}]}}