{"id":73829,"date":"2018-11-21T21:32:09","date_gmt":"2018-11-22T00:32:09","guid":{"rendered":"http:\/\/www.caririemacao.com\/1\/?p=73829"},"modified":"2018-11-21T21:32:09","modified_gmt":"2018-11-22T00:32:09","slug":"prefeito-consegue-a-liberacao-de-550-mil-para-calcamento-em-sao-jose-dos-cordeiros","status":"publish","type":"post","link":"https:\/\/www.caririemacao.com\/1\/2018\/11\/21\/prefeito-consegue-a-liberacao-de-550-mil-para-calcamento-em-sao-jose-dos-cordeiros\/","title":{"rendered":"Prefeito consegue a libera\u00e7\u00e3o de 550 mil para cal\u00e7amento em S\u00e3o Jos\u00e9 dos Cordeiros"},"content":{"rendered":"<p>O prefeito Jefferson Roberto (PSB) acompanhado do secret\u00e1rio de finan\u00e7as, Fel\u00edcio Queiroz, est\u00e3o em Bras\u00edlia e se reuniram com o deputado federal Welington Roberto e o senador Raimundo Lira. No encontro, o gestor solicitou a libera\u00e7\u00e3o de verbas j\u00e1 destinadas ao munic\u00edpio para cal\u00e7amento de v\u00e1rias ruas.<\/p>\n<p>Segundo o prefeito Jefferson Roberto, o deputado Welington Roberto conseguiu destravar um conv\u00eanio com o Minist\u00e9rio da Integra\u00e7\u00e3o no valor de R$ 300 mil e o senador Raimundo Lira outro no valor de R$ 250 mil. Os investimentos servir\u00e3o para pavimentar ruas do conjunto habitacional e outras que est\u00e3o contempladas no projeto original.<\/p>\n<p>Jefferson ainda revelou que conseguiu com o deputado Welington Roberto a garantia de empenhos para 2019 no valor de mais R$ 450 mil, sendo R$ 200 mil para aquisi\u00e7\u00e3o de uma van com capacidade para 23 lugares e outros R$ 250 mil para perfura\u00e7\u00e3o e instala\u00e7\u00e3o de po\u00e7os artesianos.<\/p>\n<p>O gestor agradeceu o comprometimento do deputado Welington Roberto com as necessidades de S\u00e3o Jos\u00e9 dos Cordeiros e disse que por isso a popula\u00e7\u00e3o lhe foi grata fazendo-o majorit\u00e1rio nas \u00faltimas elei\u00e7\u00f5es na cidade. Jefferson tamb\u00e9m parabenizou o senador Raimundo Lira pela sua atua\u00e7\u00e3o no Congresso e agradeceu o empenho para S\u00e3o Jos\u00e9 dos Cordeiros.<\/p>\n","protected":false},"excerpt":{"rendered":"<p>O prefeito Jefferson Roberto (PSB) acompanhado do secret\u00e1rio de finan\u00e7as, Fel\u00edcio Queiroz, est\u00e3o em Bras\u00edlia e se reuniram com o deputado federal Welington Roberto e&hellip; <\/p>\n","protected":false},"author":1,"featured_media":73830,"comment_status":"closed","ping_status":"closed","sticky":false,"template":"","format":"standard","meta":{"sfsi_plus_gutenberg_text_before_share":"","sfsi_plus_gutenberg_show_text_before_share":"","sfsi_plus_gutenberg_icon_type":"","sfsi_plus_gutenberg_icon_alignemt":"","sfsi_plus_gutenburg_max_per_row":"","footnotes":""},"categories":[50,2],"tags":[],"class_list":["post-73829","post","type-post","status-publish","format-standard","has-post-thumbnail","hentry","category-destaque","category-geral"],"_links":{"self":[{"href":"https:\/\/www.caririemacao.com\/1\/wp-json\/wp\/v2\/posts\/73829","targetHints":{"allow":["GET"]}}],"collection":[{"href":"https:\/\/www.caririemacao.com\/1\/wp-json\/wp\/v2\/posts"}],"about":[{"href":"https:\/\/www.caririemacao.com\/1\/wp-json\/wp\/v2\/types\/post"}],"author":[{"embeddable":true,"href":"https:\/\/www.caririemacao.com\/1\/wp-json\/wp\/v2\/users\/1"}],"replies":[{"embeddable":true,"href":"https:\/\/www.caririemacao.com\/1\/wp-json\/wp\/v2\/comments?post=73829"}],"version-history":[{"count":1,"href":"https:\/\/www.caririemacao.com\/1\/wp-json\/wp\/v2\/posts\/73829\/revisions"}],"predecessor-version":[{"id":73831,"href":"https:\/\/www.caririemacao.com\/1\/wp-json\/wp\/v2\/posts\/73829\/revisions\/73831"}],"wp:featuredmedia":[{"embeddable":true,"href":"https:\/\/www.caririemacao.com\/1\/wp-json\/wp\/v2\/media\/73830"}],"wp:attachment":[{"href":"https:\/\/www.caririemacao.com\/1\/wp-json\/wp\/v2\/media?parent=73829"}],"wp:term":[{"taxonomy":"category","embeddable":true,"href":"https:\/\/www.caririemacao.com\/1\/wp-json\/wp\/v2\/categories?post=73829"},{"taxonomy":"post_tag","embeddable":true,"href":"https:\/\/www.caririemacao.com\/1\/wp-json\/wp\/v2\/tags?post=73829"}],"curies":[{"name":"wp","href":"https:\/\/api.w.org\/{rel}","templated":true}]}}