{"id":73841,"date":"2018-11-22T06:23:54","date_gmt":"2018-11-22T09:23:54","guid":{"rendered":"http:\/\/www.caririemacao.com\/1\/?p=73841"},"modified":"2018-11-22T06:23:54","modified_gmt":"2018-11-22T09:23:54","slug":"bolsonaro-afirma-que-estuda-nomear-filho-para-comunicacao-social","status":"publish","type":"post","link":"https:\/\/www.caririemacao.com\/1\/2018\/11\/22\/bolsonaro-afirma-que-estuda-nomear-filho-para-comunicacao-social\/","title":{"rendered":"Bolsonaro afirma que estuda nomear filho para Comunica\u00e7\u00e3o Social"},"content":{"rendered":"<p>O presidente eleito, Jair Bolsonaro, afirmou nesta quarta-feira (21) que estuda nomear seu filho Carlos Bolsonaro, vereador pelo Rio de Janeiro, ao cargo de ministro.<\/p>\n<p>Em entrevista ao site O Antagonista, ele disse que avalia devolver \u00e0 Secretaria de Comunica\u00e7\u00e3o Social o status de minist\u00e9rio, que foi retirado em 2016 pelo presidente Michel Temer.<\/p>\n<p>Atualmente, o Pal\u00e1cio do Planalto abriga quatro pastas: Casa Civil, GSI (Gabinete de Seguran\u00e7a Institucional), Secretaria-Geral e Secretaria de Governo. A inten\u00e7\u00e3o do presidente \u00e9 extinguir a \u00faltima e recriar a Comunica\u00e7\u00e3o Social.<\/p>\n<p>\u201cEu n\u00e3o vou criar mais minist\u00e9rios l\u00e1. Os quatro que existem v\u00e3o continuar\u201d, disse.<\/p>\n<p>O capit\u00e3o reformado disse que \u201c\u00e9 importante ter o filho ao seu lado\u201d e que ele \u00e9 \u201cfera nas m\u00eddias sociais\u201d. Ele ponderou, contudo, que Carlos ainda est\u00e1 na d\u00favida se deve aceitar o posto.<\/p>\n<p>\u201cO Carlos ainda est\u00e1 na duvida, est\u00e1 medindo pr\u00f3s e contras. Mas \u00e9 importante ele estar do meu lado, ajuda bastante\u201d, disse.<br \/>\nO presidente eleito afirmou que uma eventual indica\u00e7\u00e3o n\u00e3o \u00e9 \u201cpr\u00eamio de consolo\u201d, mas reconheceu que ela pode causar desgaste pelo fato de ter nomeado um filho para um cargo ministerial.<\/p>\n<p>\u201cTem tudo para dar certo, mas estou estudando ainda\u201d, disse.<\/p>\n<p>Na entrevista, o capit\u00e3o reformado disse ainda que n\u00e3o cortar\u00e1 a verba publicit\u00e1ria do governo, mas que pretende reduzi-la.<\/p>\n<p>&nbsp;<\/p>\n<p>Folha Press<\/p>\n","protected":false},"excerpt":{"rendered":"<p>O presidente eleito, Jair Bolsonaro, afirmou nesta quarta-feira (21) que estuda nomear seu filho Carlos Bolsonaro, vereador pelo Rio de Janeiro, ao cargo de ministro.&hellip; <\/p>\n","protected":false},"author":1,"featured_media":72861,"comment_status":"closed","ping_status":"closed","sticky":false,"template":"","format":"standard","meta":{"sfsi_plus_gutenberg_text_before_share":"","sfsi_plus_gutenberg_show_text_before_share":"","sfsi_plus_gutenberg_icon_type":"","sfsi_plus_gutenberg_icon_alignemt":"","sfsi_plus_gutenburg_max_per_row":"","footnotes":""},"categories":[11],"tags":[],"class_list":["post-73841","post","type-post","status-publish","format-standard","has-post-thumbnail","hentry","category-politica"],"_links":{"self":[{"href":"https:\/\/www.caririemacao.com\/1\/wp-json\/wp\/v2\/posts\/73841","targetHints":{"allow":["GET"]}}],"collection":[{"href":"https:\/\/www.caririemacao.com\/1\/wp-json\/wp\/v2\/posts"}],"about":[{"href":"https:\/\/www.caririemacao.com\/1\/wp-json\/wp\/v2\/types\/post"}],"author":[{"embeddable":true,"href":"https:\/\/www.caririemacao.com\/1\/wp-json\/wp\/v2\/users\/1"}],"replies":[{"embeddable":true,"href":"https:\/\/www.caririemacao.com\/1\/wp-json\/wp\/v2\/comments?post=73841"}],"version-history":[{"count":1,"href":"https:\/\/www.caririemacao.com\/1\/wp-json\/wp\/v2\/posts\/73841\/revisions"}],"predecessor-version":[{"id":73842,"href":"https:\/\/www.caririemacao.com\/1\/wp-json\/wp\/v2\/posts\/73841\/revisions\/73842"}],"wp:featuredmedia":[{"embeddable":true,"href":"https:\/\/www.caririemacao.com\/1\/wp-json\/wp\/v2\/media\/72861"}],"wp:attachment":[{"href":"https:\/\/www.caririemacao.com\/1\/wp-json\/wp\/v2\/media?parent=73841"}],"wp:term":[{"taxonomy":"category","embeddable":true,"href":"https:\/\/www.caririemacao.com\/1\/wp-json\/wp\/v2\/categories?post=73841"},{"taxonomy":"post_tag","embeddable":true,"href":"https:\/\/www.caririemacao.com\/1\/wp-json\/wp\/v2\/tags?post=73841"}],"curies":[{"name":"wp","href":"https:\/\/api.w.org\/{rel}","templated":true}]}}