{"id":73849,"date":"2018-11-22T07:05:30","date_gmt":"2018-11-22T10:05:30","guid":{"rendered":"http:\/\/www.caririemacao.com\/1\/?p=73849"},"modified":"2018-11-22T07:05:30","modified_gmt":"2018-11-22T10:05:30","slug":"voos-com-medicos-cubanos-devem-deixar-o-brasil-hoje-com-destino-a-havana","status":"publish","type":"post","link":"https:\/\/www.caririemacao.com\/1\/2018\/11\/22\/voos-com-medicos-cubanos-devem-deixar-o-brasil-hoje-com-destino-a-havana\/","title":{"rendered":"Voos com m\u00e9dicos cubanos devem deixar o Brasil hoje com destino a Havana"},"content":{"rendered":"<div class=\"noticiacorpo\">\n<div class=\"mc-column content-text active-extra-styles \" data-block-type=\"unstyled\" data-block-weight=\"63\" data-block-id=\"4\">\n<p class=\"content-text__container \" data-track-category=\"Link no Texto\">M\u00e9dicos cubanos come\u00e7am a deixar o Brasil nesta quinta,segundo a Organiza\u00e7\u00e3o Pan-Americana da Sa\u00fade (Opas). H\u00e1 voos previstos tamb\u00e9m para sexta (23) e s\u00e1bado (24). A expectativa \u00e9 que, at\u00e9 12 de dezembro, todos os mais de 8 mil m\u00e9dicos que est\u00e3o no Brasil voltem a Cuba, depois da decis\u00e3o do pa\u00eds caribenho de sair do programa Mais M\u00e9dicos. O G1 acompanha.<\/p>\n<\/div>\n<div class=\"mc-column content-text active-extra-styles \" data-block-type=\"unstyled\" data-block-weight=\"37\" data-block-id=\"5\">\n<p class=\"content-text__container \" data-track-category=\"Link no Texto\">Enquanto isso, no Brasil,\u00a0cidades de pelo menos 12 estados j\u00e1 sentem os reflexos da sa\u00edda desses profissionais. Pacientes enfrentaram filas e atrasos para atendimentos ontem e, em alguns postos, n\u00e3o havia m\u00e9dicos para realizar as consultas.<\/p>\n<\/div>\n<\/div>\n<p class=\"noticia_fonte\">G1<\/p>\n","protected":false},"excerpt":{"rendered":"<p>M\u00e9dicos cubanos come\u00e7am a deixar o Brasil nesta quinta,segundo a Organiza\u00e7\u00e3o Pan-Americana da Sa\u00fade (Opas). H\u00e1 voos previstos tamb\u00e9m para sexta (23) e s\u00e1bado (24).&hellip; <\/p>\n","protected":false},"author":1,"featured_media":73850,"comment_status":"closed","ping_status":"closed","sticky":false,"template":"","format":"standard","meta":{"sfsi_plus_gutenberg_text_before_share":"","sfsi_plus_gutenberg_show_text_before_share":"","sfsi_plus_gutenberg_icon_type":"","sfsi_plus_gutenberg_icon_alignemt":"","sfsi_plus_gutenburg_max_per_row":"","footnotes":""},"categories":[16],"tags":[],"class_list":["post-73849","post","type-post","status-publish","format-standard","has-post-thumbnail","hentry","category-saude"],"_links":{"self":[{"href":"https:\/\/www.caririemacao.com\/1\/wp-json\/wp\/v2\/posts\/73849","targetHints":{"allow":["GET"]}}],"collection":[{"href":"https:\/\/www.caririemacao.com\/1\/wp-json\/wp\/v2\/posts"}],"about":[{"href":"https:\/\/www.caririemacao.com\/1\/wp-json\/wp\/v2\/types\/post"}],"author":[{"embeddable":true,"href":"https:\/\/www.caririemacao.com\/1\/wp-json\/wp\/v2\/users\/1"}],"replies":[{"embeddable":true,"href":"https:\/\/www.caririemacao.com\/1\/wp-json\/wp\/v2\/comments?post=73849"}],"version-history":[{"count":1,"href":"https:\/\/www.caririemacao.com\/1\/wp-json\/wp\/v2\/posts\/73849\/revisions"}],"predecessor-version":[{"id":73851,"href":"https:\/\/www.caririemacao.com\/1\/wp-json\/wp\/v2\/posts\/73849\/revisions\/73851"}],"wp:featuredmedia":[{"embeddable":true,"href":"https:\/\/www.caririemacao.com\/1\/wp-json\/wp\/v2\/media\/73850"}],"wp:attachment":[{"href":"https:\/\/www.caririemacao.com\/1\/wp-json\/wp\/v2\/media?parent=73849"}],"wp:term":[{"taxonomy":"category","embeddable":true,"href":"https:\/\/www.caririemacao.com\/1\/wp-json\/wp\/v2\/categories?post=73849"},{"taxonomy":"post_tag","embeddable":true,"href":"https:\/\/www.caririemacao.com\/1\/wp-json\/wp\/v2\/tags?post=73849"}],"curies":[{"name":"wp","href":"https:\/\/api.w.org\/{rel}","templated":true}]}}