{"id":73855,"date":"2018-11-22T08:53:32","date_gmt":"2018-11-22T11:53:32","guid":{"rendered":"http:\/\/www.caririemacao.com\/1\/?p=73855"},"modified":"2018-11-22T08:56:41","modified_gmt":"2018-11-22T11:56:41","slug":"ii-sanfona-fest-sera-realizada-em-camalau","status":"publish","type":"post","link":"https:\/\/www.caririemacao.com\/1\/2018\/11\/22\/ii-sanfona-fest-sera-realizada-em-camalau\/","title":{"rendered":"II Sanfona Fest ser\u00e1 realizada em Camala\u00fa"},"content":{"rendered":"<p>O segundo Festival Rwgional de Sanfoneiros e Tocadores de fole ser\u00e1 promovido no dia 30 de novembro na cidade de Camala\u00fa, no Cariri Paraibano.<\/p>\n<p><img fetchpriority=\"high\" decoding=\"async\" class=\"alignnone wp-image-73856 size-large\" src=\"http:\/\/www.caririemacao.com\/1\/wp-content\/uploads\/2018\/11\/WhatsApp-Image-2018-11-22-at-01.18.50-1018x1024.jpeg\" alt=\"\" width=\"800\" height=\"805\" srcset=\"https:\/\/www.caririemacao.com\/1\/wp-content\/uploads\/2018\/11\/WhatsApp-Image-2018-11-22-at-01.18.50-1018x1024.jpeg 1018w, https:\/\/www.caririemacao.com\/1\/wp-content\/uploads\/2018\/11\/WhatsApp-Image-2018-11-22-at-01.18.50-150x150.jpeg 150w, https:\/\/www.caririemacao.com\/1\/wp-content\/uploads\/2018\/11\/WhatsApp-Image-2018-11-22-at-01.18.50-298x300.jpeg 298w, https:\/\/www.caririemacao.com\/1\/wp-content\/uploads\/2018\/11\/WhatsApp-Image-2018-11-22-at-01.18.50-768x772.jpeg 768w, https:\/\/www.caririemacao.com\/1\/wp-content\/uploads\/2018\/11\/WhatsApp-Image-2018-11-22-at-01.18.50.jpeg 1273w\" sizes=\"(max-width: 800px) 100vw, 800px\" \/><\/p>\n<p>A programa\u00e7\u00e3o ter\u00e1 in\u00edcio 18h30 e contar\u00e1 com Palestra Show de Mahatma Costa (Campe\u00e3o do Campeonato Mundial de Sanfona), Arrast\u00e3o das Sanfonas e Festival de Sanfoneiros e Tocadores de Fole. Toda a programa\u00e7\u00e3o ser\u00e1 na Pra\u00e7a de Eventos. Durante o festival, o sanfoneiro Z\u00e9 Miguel ser\u00e1 homenageado.<\/p>\n<p>O festival \u00e9 uma realiza\u00e7\u00e3o da Sanf\u00f4nica Mirim e professor Ezequiel S\u00f3stenes e tem o apoio das prefeitura de Camala\u00fa, Monteiro, Serra Branca, Congo, Coxixola e Cara\u00fabas.<\/p>\n","protected":false},"excerpt":{"rendered":"<p>O segundo Festival Rwgional de Sanfoneiros e Tocadores de fole ser\u00e1 promovido no dia 30 de novembro na cidade de Camala\u00fa, no Cariri Paraibano. A&hellip; <\/p>\n","protected":false},"author":1,"featured_media":52127,"comment_status":"closed","ping_status":"closed","sticky":false,"template":"","format":"standard","meta":{"sfsi_plus_gutenberg_text_before_share":"","sfsi_plus_gutenberg_show_text_before_share":"","sfsi_plus_gutenberg_icon_type":"","sfsi_plus_gutenberg_icon_alignemt":"","sfsi_plus_gutenburg_max_per_row":"","footnotes":""},"categories":[2],"tags":[],"class_list":["post-73855","post","type-post","status-publish","format-standard","has-post-thumbnail","hentry","category-geral"],"_links":{"self":[{"href":"https:\/\/www.caririemacao.com\/1\/wp-json\/wp\/v2\/posts\/73855","targetHints":{"allow":["GET"]}}],"collection":[{"href":"https:\/\/www.caririemacao.com\/1\/wp-json\/wp\/v2\/posts"}],"about":[{"href":"https:\/\/www.caririemacao.com\/1\/wp-json\/wp\/v2\/types\/post"}],"author":[{"embeddable":true,"href":"https:\/\/www.caririemacao.com\/1\/wp-json\/wp\/v2\/users\/1"}],"replies":[{"embeddable":true,"href":"https:\/\/www.caririemacao.com\/1\/wp-json\/wp\/v2\/comments?post=73855"}],"version-history":[{"count":4,"href":"https:\/\/www.caririemacao.com\/1\/wp-json\/wp\/v2\/posts\/73855\/revisions"}],"predecessor-version":[{"id":73860,"href":"https:\/\/www.caririemacao.com\/1\/wp-json\/wp\/v2\/posts\/73855\/revisions\/73860"}],"wp:featuredmedia":[{"embeddable":true,"href":"https:\/\/www.caririemacao.com\/1\/wp-json\/wp\/v2\/media\/52127"}],"wp:attachment":[{"href":"https:\/\/www.caririemacao.com\/1\/wp-json\/wp\/v2\/media?parent=73855"}],"wp:term":[{"taxonomy":"category","embeddable":true,"href":"https:\/\/www.caririemacao.com\/1\/wp-json\/wp\/v2\/categories?post=73855"},{"taxonomy":"post_tag","embeddable":true,"href":"https:\/\/www.caririemacao.com\/1\/wp-json\/wp\/v2\/tags?post=73855"}],"curies":[{"name":"wp","href":"https:\/\/api.w.org\/{rel}","templated":true}]}}