{"id":73894,"date":"2018-11-22T12:48:25","date_gmt":"2018-11-22T15:48:25","guid":{"rendered":"http:\/\/www.caririemacao.com\/1\/?p=73894"},"modified":"2018-11-22T13:28:31","modified_gmt":"2018-11-22T16:28:31","slug":"prefeito-de-zabele-loca-veiculo-com-mais-de-25-anos-de-uso","status":"publish","type":"post","link":"https:\/\/www.caririemacao.com\/1\/2018\/11\/22\/prefeito-de-zabele-loca-veiculo-com-mais-de-25-anos-de-uso\/","title":{"rendered":"Prefeito de Zabel\u00ea loca ve\u00edculo com mais de 25 anos de uso  \u00a0"},"content":{"rendered":"<p>Enquanto muitos dos munic\u00edpios brasileiros buscam modernizar suas frotas para oferecer um servi\u00e7o de qualidade aos cidad\u00e3os de seus munic\u00edpios, o prefeito da cidade de Zabel\u00ea no Cariri Paraibano faz o contr\u00e1rio e loca ve\u00edculo com mais de 25 anos de uso.<\/p>\n<p><img fetchpriority=\"high\" decoding=\"async\" class=\"alignnone wp-image-73899 size-full\" src=\"http:\/\/www.caririemacao.com\/1\/wp-content\/uploads\/2018\/11\/viculo.png\" alt=\"\" width=\"685\" height=\"548\" srcset=\"https:\/\/www.caririemacao.com\/1\/wp-content\/uploads\/2018\/11\/viculo.png 685w, https:\/\/www.caririemacao.com\/1\/wp-content\/uploads\/2018\/11\/viculo-300x240.png 300w\" sizes=\"(max-width: 685px) 100vw, 685px\" \/><\/p>\n<p>Trata-se de um \u00f4nibus, placa KGY 3345, de Campina Grande, ano 1992. O \u00f4nibus foi locado a Prefeitura de Zabel\u00ea, atrav\u00e9s de licita\u00e7\u00e3o, modalidade Preg\u00e3o Presencial n.\u00ba 03\/2017, totalizando cerca de 400 mil para todos ve\u00edculos, locados \u00e0 empresa Sebasti\u00e3o Silvino dos Santos ME, CPNJ n.\u00ba 17.267.333\/0001-84, com sede na cidade de Cacimbas\/PB.<\/p>\n<p><img decoding=\"async\" class=\"alignnone wp-image-73898 size-full lazyload\" data-src=\"http:\/\/www.caririemacao.com\/1\/wp-content\/uploads\/2018\/11\/2.png\" alt=\"\" width=\"623\" height=\"399\" data-srcset=\"https:\/\/www.caririemacao.com\/1\/wp-content\/uploads\/2018\/11\/2.png 623w, https:\/\/www.caririemacao.com\/1\/wp-content\/uploads\/2018\/11\/2-300x192.png 300w\" data-sizes=\"(max-width: 623px) 100vw, 623px\" src=\"data:image\/svg+xml;base64,PHN2ZyB3aWR0aD0iMSIgaGVpZ2h0PSIxIiB4bWxucz0iaHR0cDovL3d3dy53My5vcmcvMjAwMC9zdmciPjwvc3ZnPg==\" style=\"--smush-placeholder-width: 623px; --smush-placeholder-aspect-ratio: 623\/399;\" \/><\/p>\n<p>Em rela\u00e7\u00e3o ao \u00f4nibus, especificamente, ele foi locado e destinado para a Secretaria de Administra\u00e7\u00e3o e Finan\u00e7as pelo valor de R$ 5.700,00 (cinco mil e setecentos reais), sendo inclusive, apenas em 2018, j\u00e1 empenhados R$ 51.300,00 (cinquenta e um mil e trezentos reais) e pago, deste valor, quase 35 mil reais.<\/p>\n<p><a href=\"http:\/\/www.caririemacao.com\/1\/wp-content\/uploads\/2018\/11\/empenhos03.pdf\">empenhos03 (pdf)<\/a><a href=\"http:\/\/www.caririemacao.com\/1\/wp-content\/uploads\/2018\/11\/empenhos03.pdf\"><img decoding=\"async\" class=\"alignnone wp-image-73901 size-large lazyload\" data-src=\"http:\/\/www.caririemacao.com\/1\/wp-content\/uploads\/2018\/11\/3-1024x576.png\" alt=\"\" width=\"800\" height=\"450\" data-srcset=\"https:\/\/www.caririemacao.com\/1\/wp-content\/uploads\/2018\/11\/3-1024x576.png 1024w, https:\/\/www.caririemacao.com\/1\/wp-content\/uploads\/2018\/11\/3-300x169.png 300w, https:\/\/www.caririemacao.com\/1\/wp-content\/uploads\/2018\/11\/3-768x432.png 768w, https:\/\/www.caririemacao.com\/1\/wp-content\/uploads\/2018\/11\/3.png 1366w\" data-sizes=\"(max-width: 800px) 100vw, 800px\" src=\"data:image\/svg+xml;base64,PHN2ZyB3aWR0aD0iMSIgaGVpZ2h0PSIxIiB4bWxucz0iaHR0cDovL3d3dy53My5vcmcvMjAwMC9zdmciPjwvc3ZnPg==\" style=\"--smush-placeholder-width: 800px; --smush-placeholder-aspect-ratio: 800\/450;\" \/><\/a><\/p>\n<p>A equipe do Cariri em A\u00e7\u00e3o manteve contato com o prefeito Dalyson Neves que disse que o processo licitat\u00f3rio est\u00e1 dentro da legalidade e que n\u00e3o h\u00e1 nenhuma irregularidade com o pagamento.<\/p>\n<p>J\u00e1 referente ao tempo de uso do ve\u00edculo, ele n\u00e3o comentou, apenas disse que estava tudo certo com o \u00f4nibus e que ele n\u00e3o tinha nenhum problema que afetasse a sua utiliza\u00e7\u00e3o.<\/p>\n<p>Em contato com a reportagem do Cariri em A\u00e7\u00e3o, pessoas do munic\u00edpio relataram que o ve\u00edculo n\u00e3o oferece nenhuma seguran\u00e7a ou conforto as pessoas que utilizam do \u00f4nibus que j\u00e1 tem mais de 25 anos.<\/p>\n","protected":false},"excerpt":{"rendered":"<p>Enquanto muitos dos munic\u00edpios brasileiros buscam modernizar suas frotas para oferecer um servi\u00e7o de qualidade aos cidad\u00e3os de seus munic\u00edpios, o prefeito da cidade de&hellip; <\/p>\n","protected":false},"author":1,"featured_media":73895,"comment_status":"closed","ping_status":"closed","sticky":false,"template":"","format":"standard","meta":{"sfsi_plus_gutenberg_text_before_share":"","sfsi_plus_gutenberg_show_text_before_share":"","sfsi_plus_gutenberg_icon_type":"","sfsi_plus_gutenberg_icon_alignemt":"","sfsi_plus_gutenburg_max_per_row":"","footnotes":""},"categories":[50,2],"tags":[],"class_list":["post-73894","post","type-post","status-publish","format-standard","has-post-thumbnail","hentry","category-destaque","category-geral"],"_links":{"self":[{"href":"https:\/\/www.caririemacao.com\/1\/wp-json\/wp\/v2\/posts\/73894","targetHints":{"allow":["GET"]}}],"collection":[{"href":"https:\/\/www.caririemacao.com\/1\/wp-json\/wp\/v2\/posts"}],"about":[{"href":"https:\/\/www.caririemacao.com\/1\/wp-json\/wp\/v2\/types\/post"}],"author":[{"embeddable":true,"href":"https:\/\/www.caririemacao.com\/1\/wp-json\/wp\/v2\/users\/1"}],"replies":[{"embeddable":true,"href":"https:\/\/www.caririemacao.com\/1\/wp-json\/wp\/v2\/comments?post=73894"}],"version-history":[{"count":4,"href":"https:\/\/www.caririemacao.com\/1\/wp-json\/wp\/v2\/posts\/73894\/revisions"}],"predecessor-version":[{"id":73904,"href":"https:\/\/www.caririemacao.com\/1\/wp-json\/wp\/v2\/posts\/73894\/revisions\/73904"}],"wp:featuredmedia":[{"embeddable":true,"href":"https:\/\/www.caririemacao.com\/1\/wp-json\/wp\/v2\/media\/73895"}],"wp:attachment":[{"href":"https:\/\/www.caririemacao.com\/1\/wp-json\/wp\/v2\/media?parent=73894"}],"wp:term":[{"taxonomy":"category","embeddable":true,"href":"https:\/\/www.caririemacao.com\/1\/wp-json\/wp\/v2\/categories?post=73894"},{"taxonomy":"post_tag","embeddable":true,"href":"https:\/\/www.caririemacao.com\/1\/wp-json\/wp\/v2\/tags?post=73894"}],"curies":[{"name":"wp","href":"https:\/\/api.w.org\/{rel}","templated":true}]}}