{"id":73910,"date":"2018-11-22T13:48:32","date_gmt":"2018-11-22T16:48:32","guid":{"rendered":"http:\/\/www.caririemacao.com\/1\/?p=73910"},"modified":"2018-11-22T13:48:32","modified_gmt":"2018-11-22T16:48:32","slug":"quem-era-o-medico-paraibano-preferido-de-bolsonaro-para-o-ministerio-da-saude","status":"publish","type":"post","link":"https:\/\/www.caririemacao.com\/1\/2018\/11\/22\/quem-era-o-medico-paraibano-preferido-de-bolsonaro-para-o-ministerio-da-saude\/","title":{"rendered":"Quem era o m\u00e9dico paraibano preferido de Bolsonaro para o Minist\u00e9rio da Sa\u00fade?"},"content":{"rendered":"<p>A Globo News anunciou que um cardiologista paraibano estaria cogitado para assumir a pasta do Minist\u00e9rio da Sa\u00fade no governo do presidente Jair Bolsonaro.<\/p>\n<p>Participante ferrenho durante a campanha presidencial na Para\u00edba, o m\u00e9dico Marcelo Queiroga foi um defensor nato das propostas de Bolsonaro para o Brasil. Ele tamb\u00e9m foi investigado para o cargo pela Ag\u00eancia Brasileira de Intelig\u00eancia, a qual constatou conduta ilibada e excel\u00eancia profissional do m\u00e9dico.<\/p>\n<p>Com um vasto curr\u00edculo, Marcelo Queiroga j\u00e1 recebeu reconhecimento da C\u00e2mara Municipal de Jo\u00e3o Pessoa (CMJP), que o homenageou com a Medalha Cidade de Jo\u00e3o Pessoa, em sess\u00e3o solene, proposta pela vereadora Ra\u00edssa Lacerda.<\/p>\n<p><strong>Entenda<\/strong><\/p>\n<p>O nome do paraibano teria sido cotado para o Minist\u00e9rio da Sa\u00fade antes mesmo do an\u00fancio oficial que definiu o deputado Henrique Mandetta para comandar a pasta. Informa\u00e7\u00f5es d\u00e3o conta de que ele teve um apoio forte da frente parlamentar de Campo Grande, o que pode ter inviabilizado, pelo menos por enquanto, a entrada de Queiroga no grupo de Bolsonaro.<\/p>\n<p>No entanto, h\u00e1 especula\u00e7\u00f5es sobre uma poss\u00edvel queda do nome de Mandetta, devido a supostas irregularidades de gest\u00e3o quando foi secret\u00e1rio de Sa\u00fade de Campo Grande.<\/p>\n<p><strong>**\u00a0<\/strong><strong>Curr\u00edculo<\/strong><\/p>\n<p>Marcelo Queiroga foi eleito e nomeado presidente da Sociedade Brasileira de Cardiologia para a gest\u00e3o 2020\/21. \u00c9 formado pela Universidade Federal da Para\u00edba, h\u00e1 28 anos, fez Resid\u00eancia M\u00e9dica no Hospital Adventista Silvestre, no Rio de Janeiro e treinamento em Hemodin\u00e2mica e Cardiologia Intervencionista na Benefic\u00eancia Portuguesa de S\u00e3o Paulo. Atualmente \u00e9 respons\u00e1vel pelos setores de Urg\u00eancias e Emerg\u00eancias e de Hemodin\u00e2mica e Cardiologia Intervencionista do Hospital Alberto Urquiza Wanderley, em Jo\u00e3o Pessoa\/PB. \u00a0\u00c9 ativista do desenvolvimento da Cardiologia Intervencionista do Brasil e do reconhecimento da Cardiologia Intervencionista Pedi\u00e1trica no pa\u00eds como \u00e1rea de atua\u00e7\u00e3o da Cardiologia, e pela valida\u00e7\u00e3o do Implante por Cateter de Biopr\u00f3tese Valvar A\u00f3rtica (TAVI) como terapia n\u00e3o experimental no Brasil com aval do Conselho Federal de Medicina e da Associa\u00e7\u00e3o M\u00e9dica Brasileira. Sempre teve uma atua\u00e7\u00e3o bastante intensa na Associa\u00e7\u00e3o M\u00e9dica Brasileira \u2013 AMB, na pr\u00f3pria SBC, na Sociedade Brasileira de Hemodin\u00e2mica e Cardiologia Intervencionista \u2013 SBHCI, ocupando diversos cargos com destaque para o de presidente da SBC\/PB (1998\/1999) e o de presidente da SBHCI (2012\/2013).<\/p>\n<p>&nbsp;<\/p>\n<p>Polemica Para\u00edba<\/p>\n","protected":false},"excerpt":{"rendered":"<p>A Globo News anunciou que um cardiologista paraibano estaria cogitado para assumir a pasta do Minist\u00e9rio da Sa\u00fade no governo do presidente Jair Bolsonaro. Participante&hellip; <\/p>\n","protected":false},"author":1,"featured_media":73911,"comment_status":"closed","ping_status":"closed","sticky":false,"template":"","format":"standard","meta":{"sfsi_plus_gutenberg_text_before_share":"","sfsi_plus_gutenberg_show_text_before_share":"","sfsi_plus_gutenberg_icon_type":"","sfsi_plus_gutenberg_icon_alignemt":"","sfsi_plus_gutenburg_max_per_row":"","footnotes":""},"categories":[11],"tags":[],"class_list":["post-73910","post","type-post","status-publish","format-standard","has-post-thumbnail","hentry","category-politica"],"_links":{"self":[{"href":"https:\/\/www.caririemacao.com\/1\/wp-json\/wp\/v2\/posts\/73910","targetHints":{"allow":["GET"]}}],"collection":[{"href":"https:\/\/www.caririemacao.com\/1\/wp-json\/wp\/v2\/posts"}],"about":[{"href":"https:\/\/www.caririemacao.com\/1\/wp-json\/wp\/v2\/types\/post"}],"author":[{"embeddable":true,"href":"https:\/\/www.caririemacao.com\/1\/wp-json\/wp\/v2\/users\/1"}],"replies":[{"embeddable":true,"href":"https:\/\/www.caririemacao.com\/1\/wp-json\/wp\/v2\/comments?post=73910"}],"version-history":[{"count":1,"href":"https:\/\/www.caririemacao.com\/1\/wp-json\/wp\/v2\/posts\/73910\/revisions"}],"predecessor-version":[{"id":73912,"href":"https:\/\/www.caririemacao.com\/1\/wp-json\/wp\/v2\/posts\/73910\/revisions\/73912"}],"wp:featuredmedia":[{"embeddable":true,"href":"https:\/\/www.caririemacao.com\/1\/wp-json\/wp\/v2\/media\/73911"}],"wp:attachment":[{"href":"https:\/\/www.caririemacao.com\/1\/wp-json\/wp\/v2\/media?parent=73910"}],"wp:term":[{"taxonomy":"category","embeddable":true,"href":"https:\/\/www.caririemacao.com\/1\/wp-json\/wp\/v2\/categories?post=73910"},{"taxonomy":"post_tag","embeddable":true,"href":"https:\/\/www.caririemacao.com\/1\/wp-json\/wp\/v2\/tags?post=73910"}],"curies":[{"name":"wp","href":"https:\/\/api.w.org\/{rel}","templated":true}]}}