{"id":73913,"date":"2018-11-22T13:53:46","date_gmt":"2018-11-22T16:53:46","guid":{"rendered":"http:\/\/www.caririemacao.com\/1\/?p=73913"},"modified":"2018-11-22T13:53:46","modified_gmt":"2018-11-22T16:53:46","slug":"o-futuro-do-brasil-nome-do-ministro-da-educacao-pode-sair-hoje-indica-bolsonaro","status":"publish","type":"post","link":"https:\/\/www.caririemacao.com\/1\/2018\/11\/22\/o-futuro-do-brasil-nome-do-ministro-da-educacao-pode-sair-hoje-indica-bolsonaro\/","title":{"rendered":"\u2018O FUTURO DO BRASIL\u2019: Nome do ministro da Educa\u00e7\u00e3o pode sair hoje, indica Bolsonaro"},"content":{"rendered":"<p>Ao chegar hoje (22) no Comando da Marinha em Bras\u00edlia, o presidente eleito Jair Bolsonaro indicou que pode confirmar nesta quinta-feira (22) o nome do novo ministro da Educa\u00e7\u00e3o. Segundo ele, \u00e9 um \u201cminist\u00e9rio important\u00edssimo\u201d e \u00e9 \u201cali que est\u00e1 o futuro do Brasil\u201d.<\/p>\n<p>\u201cTemos de ter um bom nome t\u00e9cnico para que, no final da linha, a garotada tenha uma profiss\u00e3o\u201d, afirmou o presidente eleito. \u201cNos \u00faltimos 10 a 15 anos dobrou o gasto com educa\u00e7\u00e3o e a qualidade diminuiu. O Brasil n\u00e3o pode ir para frente com a educa\u00e7\u00e3o desta maneira.\u201d<\/p>\n<p>Bolsonaro conversa hoje com o educador Mozart Neves Ramos, diretor do Instituto Ayrton Senna, e o procurador regional da Rep\u00fablica no Distrito Federal,\u00a0Guilherme Shelb, conhecido pela defesa da fam\u00edlia e da inf\u00e2ncia.<\/p>\n<p>O presidente eleito afirmou ainda que tem conversado com v\u00e1rias pessoas, inclusive Vivianne Senna, para buscar uma defini\u00e7\u00e3o para a educa\u00e7\u00e3o. \u201cA gente conversa para tomar uma decis\u00e3o l\u00e1 na frente.\u201d<\/p>\n<p>Militares<\/p>\n<p>Logo cedo, Bolsonaro tomou caf\u00e9 no Comando da Marinha. A expectativa \u00e9 que estejam presentes os atuais comandantes do Ex\u00e9rcito, da Marinha e da Aeron\u00e1utica. O encontro ocorre um dia depois da escolha dos\u00a0novos comandos\u00a0das tr\u00eas For\u00e7as Armadas.<\/p>\n<p>Ontem foram anunciados os nomes do almirante-de-esquadra Ilques Barbosa J\u00fanior, para a Marinha, do general Edson Leal Pujol, para o Ex\u00e9rcito, e do tenente- brigadeiro-do-ar Antonio Carlos Moretti Bermudez, para a Aeron\u00e1utica.<\/p>\n<p>Granja do Torto<\/p>\n<p>Bolsonaro confirmou que dormiu, pela primeira vez, na Granja do Torto, acompanhado pela mulher Michelle. O local \u00e9 uma das resid\u00eancias oficiais da Presid\u00eancia da Rep\u00fablica e fica afastado do centro de Bras\u00edlia.<\/p>\n<p>Ontem, Michelle visitou a Granja do Torto e o Pal\u00e1cio da Alvorada para conhecer as depend\u00eancias e definir onde a fam\u00edlia ficar\u00e1 at\u00e9 a posse em 1\u00ba de janeiro de 2019. Segundo ela, a escolha seria pelo menor lugar.<\/p>\n<p>Agenda<\/p>\n<p>Bolsonaro dever\u00e1 participar de reuni\u00f5es no gabinete de transi\u00e7\u00e3o, no Centro Cultural Banco do Brasil (CCBB).<\/p>\n<p>\u00c0 noite, ele e a mulher Michelle Bolsonaro s\u00e3o convidados para o casamento do ministro extraordin\u00e1rio da Transi\u00e7\u00e3o, Onyx Lorenzoni. O ministro se casa com a noiva Denise, em uma cerim\u00f4nia restrita a amigos e familiares em um clube de Bras\u00edlia.<\/p>\n<p>&nbsp;<\/p>\n<p>Ag\u00eancia Brasil<\/p>\n","protected":false},"excerpt":{"rendered":"<p>Ao chegar hoje (22) no Comando da Marinha em Bras\u00edlia, o presidente eleito Jair Bolsonaro indicou que pode confirmar nesta quinta-feira (22) o nome do&hellip; <\/p>\n","protected":false},"author":1,"featured_media":71471,"comment_status":"closed","ping_status":"closed","sticky":false,"template":"","format":"standard","meta":{"sfsi_plus_gutenberg_text_before_share":"","sfsi_plus_gutenberg_show_text_before_share":"","sfsi_plus_gutenberg_icon_type":"","sfsi_plus_gutenberg_icon_alignemt":"","sfsi_plus_gutenburg_max_per_row":"","footnotes":""},"categories":[11],"tags":[],"class_list":["post-73913","post","type-post","status-publish","format-standard","has-post-thumbnail","hentry","category-politica"],"_links":{"self":[{"href":"https:\/\/www.caririemacao.com\/1\/wp-json\/wp\/v2\/posts\/73913","targetHints":{"allow":["GET"]}}],"collection":[{"href":"https:\/\/www.caririemacao.com\/1\/wp-json\/wp\/v2\/posts"}],"about":[{"href":"https:\/\/www.caririemacao.com\/1\/wp-json\/wp\/v2\/types\/post"}],"author":[{"embeddable":true,"href":"https:\/\/www.caririemacao.com\/1\/wp-json\/wp\/v2\/users\/1"}],"replies":[{"embeddable":true,"href":"https:\/\/www.caririemacao.com\/1\/wp-json\/wp\/v2\/comments?post=73913"}],"version-history":[{"count":1,"href":"https:\/\/www.caririemacao.com\/1\/wp-json\/wp\/v2\/posts\/73913\/revisions"}],"predecessor-version":[{"id":73914,"href":"https:\/\/www.caririemacao.com\/1\/wp-json\/wp\/v2\/posts\/73913\/revisions\/73914"}],"wp:featuredmedia":[{"embeddable":true,"href":"https:\/\/www.caririemacao.com\/1\/wp-json\/wp\/v2\/media\/71471"}],"wp:attachment":[{"href":"https:\/\/www.caririemacao.com\/1\/wp-json\/wp\/v2\/media?parent=73913"}],"wp:term":[{"taxonomy":"category","embeddable":true,"href":"https:\/\/www.caririemacao.com\/1\/wp-json\/wp\/v2\/categories?post=73913"},{"taxonomy":"post_tag","embeddable":true,"href":"https:\/\/www.caririemacao.com\/1\/wp-json\/wp\/v2\/tags?post=73913"}],"curies":[{"name":"wp","href":"https:\/\/api.w.org\/{rel}","templated":true}]}}