{"id":73915,"date":"2018-11-22T13:59:08","date_gmt":"2018-11-22T16:59:08","guid":{"rendered":"http:\/\/www.caririemacao.com\/1\/?p=73915"},"modified":"2018-11-22T13:59:08","modified_gmt":"2018-11-22T16:59:08","slug":"homens-sao-baleados-e-tem-corpos-queimados-dentro-de-carro-na-pb","status":"publish","type":"post","link":"https:\/\/www.caririemacao.com\/1\/2018\/11\/22\/homens-sao-baleados-e-tem-corpos-queimados-dentro-de-carro-na-pb\/","title":{"rendered":"Homens s\u00e3o baleados e t\u00eam corpos queimados dentro de carro, na PB"},"content":{"rendered":"<p>Dois homens foram mortos a tiros e tiveram seus corpos queimados na noite desta quarta-feira (21). O caso aconteceu no S\u00edtio Riacho do Ex\u00fa, na Zona Rual da cidade de Uira\u00fana, no Sert\u00e3o paraibano.\u00a0Testemunhas afirmaram \u00e0 pol\u00edcia que os suspeitos pelo crime teriam chegado em uma casa na Zona Rural da cidade e atirado v\u00e1rias vezes. Ap\u00f3s isso, os homens supostamente invadiram a resid\u00eancia e levaram as v\u00edtimas como ref\u00e9ns.<\/p>\n<p>Em determinado momento, os homens foram atingidos por tiros e tiveram os corpos queimados dentro do ve\u00edculo. At\u00e9 o fechamento desta mat\u00e9ria, n\u00e3o haviam informa\u00e7\u00f5es sobre o destino dos suspeitos.<\/p>\n<p>Os corpos foram encaminhados ao N\u00facleo de Medicina e Odontologia Legal da cidade de Patos, tamb\u00e9m no Sert\u00e3o. A pol\u00edcia investigar\u00e1 o caso.<\/p>\n<p>&nbsp;<\/p>\n<p>T5<\/p>\n","protected":false},"excerpt":{"rendered":"<p>Dois homens foram mortos a tiros e tiveram seus corpos queimados na noite desta quarta-feira (21). O caso aconteceu no S\u00edtio Riacho do Ex\u00fa, na&hellip; <\/p>\n","protected":false},"author":1,"featured_media":73916,"comment_status":"closed","ping_status":"closed","sticky":false,"template":"","format":"standard","meta":{"sfsi_plus_gutenberg_text_before_share":"","sfsi_plus_gutenberg_show_text_before_share":"","sfsi_plus_gutenberg_icon_type":"","sfsi_plus_gutenberg_icon_alignemt":"","sfsi_plus_gutenburg_max_per_row":"","footnotes":""},"categories":[12],"tags":[],"class_list":["post-73915","post","type-post","status-publish","format-standard","has-post-thumbnail","hentry","category-policia"],"_links":{"self":[{"href":"https:\/\/www.caririemacao.com\/1\/wp-json\/wp\/v2\/posts\/73915","targetHints":{"allow":["GET"]}}],"collection":[{"href":"https:\/\/www.caririemacao.com\/1\/wp-json\/wp\/v2\/posts"}],"about":[{"href":"https:\/\/www.caririemacao.com\/1\/wp-json\/wp\/v2\/types\/post"}],"author":[{"embeddable":true,"href":"https:\/\/www.caririemacao.com\/1\/wp-json\/wp\/v2\/users\/1"}],"replies":[{"embeddable":true,"href":"https:\/\/www.caririemacao.com\/1\/wp-json\/wp\/v2\/comments?post=73915"}],"version-history":[{"count":1,"href":"https:\/\/www.caririemacao.com\/1\/wp-json\/wp\/v2\/posts\/73915\/revisions"}],"predecessor-version":[{"id":73917,"href":"https:\/\/www.caririemacao.com\/1\/wp-json\/wp\/v2\/posts\/73915\/revisions\/73917"}],"wp:featuredmedia":[{"embeddable":true,"href":"https:\/\/www.caririemacao.com\/1\/wp-json\/wp\/v2\/media\/73916"}],"wp:attachment":[{"href":"https:\/\/www.caririemacao.com\/1\/wp-json\/wp\/v2\/media?parent=73915"}],"wp:term":[{"taxonomy":"category","embeddable":true,"href":"https:\/\/www.caririemacao.com\/1\/wp-json\/wp\/v2\/categories?post=73915"},{"taxonomy":"post_tag","embeddable":true,"href":"https:\/\/www.caririemacao.com\/1\/wp-json\/wp\/v2\/tags?post=73915"}],"curies":[{"name":"wp","href":"https:\/\/api.w.org\/{rel}","templated":true}]}}