{"id":73923,"date":"2018-11-22T14:14:51","date_gmt":"2018-11-22T17:14:51","guid":{"rendered":"http:\/\/www.caririemacao.com\/1\/?p=73923"},"modified":"2018-11-22T14:14:51","modified_gmt":"2018-11-22T17:14:51","slug":"colisao-entre-motos-deixa-duas-pessoas-feridas-em-monteiro","status":"publish","type":"post","link":"https:\/\/www.caririemacao.com\/1\/2018\/11\/22\/colisao-entre-motos-deixa-duas-pessoas-feridas-em-monteiro\/","title":{"rendered":"Colis\u00e3o entre motos deixa duas pessoas feridas em Monteiro"},"content":{"rendered":"<p>Mais um acidente \u00e9 registrado na noite desta quarta-feira (21), em Monteiro, com saldo de\u00a0duas pessoas\u00a0feridas.<\/p>\n<p>De acordo com informa\u00e7\u00f5es, as v\u00edtimas estavam em duas motos que colidiram de frente pr\u00f3ximo a antiga Tucaia, na entrada que d\u00e1 acesso a Vila Popular.<\/p>\n<p>As v\u00edtimas foram socorridas pelo Servi\u00e7o de Atendimento M\u00f3vel de Urg\u00eancia (Samu) e levados para o Hospital Regional de Monteiro.<\/p>\n<p>&nbsp;<\/p>\n<p>Hora1PB<\/p>\n","protected":false},"excerpt":{"rendered":"<p>Mais um acidente \u00e9 registrado na noite desta quarta-feira (21), em Monteiro, com saldo de\u00a0duas pessoas\u00a0feridas. De acordo com informa\u00e7\u00f5es, as v\u00edtimas estavam em duas&hellip; <\/p>\n","protected":false},"author":1,"featured_media":53140,"comment_status":"closed","ping_status":"closed","sticky":false,"template":"","format":"standard","meta":{"sfsi_plus_gutenberg_text_before_share":"","sfsi_plus_gutenberg_show_text_before_share":"","sfsi_plus_gutenberg_icon_type":"","sfsi_plus_gutenberg_icon_alignemt":"","sfsi_plus_gutenburg_max_per_row":"","footnotes":""},"categories":[12],"tags":[],"class_list":["post-73923","post","type-post","status-publish","format-standard","has-post-thumbnail","hentry","category-policia"],"_links":{"self":[{"href":"https:\/\/www.caririemacao.com\/1\/wp-json\/wp\/v2\/posts\/73923","targetHints":{"allow":["GET"]}}],"collection":[{"href":"https:\/\/www.caririemacao.com\/1\/wp-json\/wp\/v2\/posts"}],"about":[{"href":"https:\/\/www.caririemacao.com\/1\/wp-json\/wp\/v2\/types\/post"}],"author":[{"embeddable":true,"href":"https:\/\/www.caririemacao.com\/1\/wp-json\/wp\/v2\/users\/1"}],"replies":[{"embeddable":true,"href":"https:\/\/www.caririemacao.com\/1\/wp-json\/wp\/v2\/comments?post=73923"}],"version-history":[{"count":1,"href":"https:\/\/www.caririemacao.com\/1\/wp-json\/wp\/v2\/posts\/73923\/revisions"}],"predecessor-version":[{"id":73924,"href":"https:\/\/www.caririemacao.com\/1\/wp-json\/wp\/v2\/posts\/73923\/revisions\/73924"}],"wp:featuredmedia":[{"embeddable":true,"href":"https:\/\/www.caririemacao.com\/1\/wp-json\/wp\/v2\/media\/53140"}],"wp:attachment":[{"href":"https:\/\/www.caririemacao.com\/1\/wp-json\/wp\/v2\/media?parent=73923"}],"wp:term":[{"taxonomy":"category","embeddable":true,"href":"https:\/\/www.caririemacao.com\/1\/wp-json\/wp\/v2\/categories?post=73923"},{"taxonomy":"post_tag","embeddable":true,"href":"https:\/\/www.caririemacao.com\/1\/wp-json\/wp\/v2\/tags?post=73923"}],"curies":[{"name":"wp","href":"https:\/\/api.w.org\/{rel}","templated":true}]}}