{"id":73929,"date":"2018-11-22T14:36:18","date_gmt":"2018-11-22T17:36:18","guid":{"rendered":"http:\/\/www.caririemacao.com\/1\/?p=73929"},"modified":"2018-11-22T14:36:18","modified_gmt":"2018-11-22T17:36:18","slug":"hospitais-universitarios-da-pb-recebem-r-118-milhoes-do-ministerio-da-saude","status":"publish","type":"post","link":"https:\/\/www.caririemacao.com\/1\/2018\/11\/22\/hospitais-universitarios-da-pb-recebem-r-118-milhoes-do-ministerio-da-saude\/","title":{"rendered":"Hospitais universit\u00e1rios da PB recebem R$ 11,8 milh\u00f5es do Minist\u00e9rio da Sa\u00fade"},"content":{"rendered":"<p>O Minist\u00e9rio da Sa\u00fade destinou\u00a0R$ 11,89 milh\u00f5es em recursos para os\u00a0tr\u00eas hospitais universit\u00e1rios da Para\u00edba para a aquisi\u00e7\u00e3o de novos equipamentos. A verba\u00a0\u00e9 destinada \u00e0s unidades atrav\u00e9s do Programa Nacional de Reestrutura\u00e7\u00e3o dos Hospitais Federais (Rehuf).<\/p>\n<p>De acordo com a Portaria, publicada no Di\u00e1rio Oficial da Uni\u00e3o, foram destinados R$ 4 milh\u00f5es para o Hospital Universit\u00e1rio Lauro Wanderley (HULW), em Jo\u00e3o Pessoa, vinculado \u00e0 Universidade Federal da Para\u00edba (UFPB); R$ 7 milh\u00f5es para o Hospital Universit\u00e1rio Alcides Carneiro, em Campina Grande, e R$ 224 mil para o Hospital Universit\u00e1rio J\u00falio Bandeira de Mello (HUJB), em Cajazeiras, no Sert\u00e3o do estado, ambos vinculados \u00e0 Universidade Federal de Campina Grande (UFCG).<\/p>\n<p>O Gerente Administrativo do Hospital Universit\u00e1rio J\u00falio Bandeira de Mello, Marcelo Jos\u00e9 Pinheiro de Sousa, informou que a unidade em Cajazeiras ser\u00e1 contemplada com monitores card\u00edacos e respiradores para o setor cir\u00fargico do hospital. \u201cN\u00e3o ser\u00e1 preciso realizar obras aqui no hospital porque esses equipamentos s\u00e3o de menor porte\u201d, destacou.<\/p>\n<p>Ao todo, 29 hospitais universit\u00e1rios federais ser\u00e3o contemplados pelo pa\u00eds. Para realizar as aquisi\u00e7\u00f5es, a estatal destinou R$ 78,8 milh\u00f5es liberados pelo Programa Nacional de Reestrutura\u00e7\u00e3o dos Hospitais Universit\u00e1rios Federais (Rehuf) via Minist\u00e9rio da Sa\u00fade.<\/p>\n<p>&nbsp;<\/p>\n<p>Blog do Gordinho<\/p>\n","protected":false},"excerpt":{"rendered":"<p>O Minist\u00e9rio da Sa\u00fade destinou\u00a0R$ 11,89 milh\u00f5es em recursos para os\u00a0tr\u00eas hospitais universit\u00e1rios da Para\u00edba para a aquisi\u00e7\u00e3o de novos equipamentos. A verba\u00a0\u00e9 destinada \u00e0s&hellip; <\/p>\n","protected":false},"author":1,"featured_media":73930,"comment_status":"closed","ping_status":"closed","sticky":false,"template":"","format":"standard","meta":{"sfsi_plus_gutenberg_text_before_share":"","sfsi_plus_gutenberg_show_text_before_share":"","sfsi_plus_gutenberg_icon_type":"","sfsi_plus_gutenberg_icon_alignemt":"","sfsi_plus_gutenburg_max_per_row":"","footnotes":""},"categories":[16],"tags":[],"class_list":["post-73929","post","type-post","status-publish","format-standard","has-post-thumbnail","hentry","category-saude"],"_links":{"self":[{"href":"https:\/\/www.caririemacao.com\/1\/wp-json\/wp\/v2\/posts\/73929","targetHints":{"allow":["GET"]}}],"collection":[{"href":"https:\/\/www.caririemacao.com\/1\/wp-json\/wp\/v2\/posts"}],"about":[{"href":"https:\/\/www.caririemacao.com\/1\/wp-json\/wp\/v2\/types\/post"}],"author":[{"embeddable":true,"href":"https:\/\/www.caririemacao.com\/1\/wp-json\/wp\/v2\/users\/1"}],"replies":[{"embeddable":true,"href":"https:\/\/www.caririemacao.com\/1\/wp-json\/wp\/v2\/comments?post=73929"}],"version-history":[{"count":1,"href":"https:\/\/www.caririemacao.com\/1\/wp-json\/wp\/v2\/posts\/73929\/revisions"}],"predecessor-version":[{"id":73931,"href":"https:\/\/www.caririemacao.com\/1\/wp-json\/wp\/v2\/posts\/73929\/revisions\/73931"}],"wp:featuredmedia":[{"embeddable":true,"href":"https:\/\/www.caririemacao.com\/1\/wp-json\/wp\/v2\/media\/73930"}],"wp:attachment":[{"href":"https:\/\/www.caririemacao.com\/1\/wp-json\/wp\/v2\/media?parent=73929"}],"wp:term":[{"taxonomy":"category","embeddable":true,"href":"https:\/\/www.caririemacao.com\/1\/wp-json\/wp\/v2\/categories?post=73929"},{"taxonomy":"post_tag","embeddable":true,"href":"https:\/\/www.caririemacao.com\/1\/wp-json\/wp\/v2\/tags?post=73929"}],"curies":[{"name":"wp","href":"https:\/\/api.w.org\/{rel}","templated":true}]}}