{"id":73942,"date":"2018-11-22T14:47:40","date_gmt":"2018-11-22T17:47:40","guid":{"rendered":"http:\/\/www.caririemacao.com\/1\/?p=73942"},"modified":"2018-11-22T14:47:40","modified_gmt":"2018-11-22T17:47:40","slug":"equipe-tecnica-multidisciplinar-participa-de-curso-de-informacao-da-saude-da-pessoa-com-deficiencia","status":"publish","type":"post","link":"https:\/\/www.caririemacao.com\/1\/2018\/11\/22\/equipe-tecnica-multidisciplinar-participa-de-curso-de-informacao-da-saude-da-pessoa-com-deficiencia\/","title":{"rendered":"Equipe T\u00e9cnica Multidisciplinar participa de Curso de Informa\u00e7\u00e3o da Sa\u00fade da Pessoa com Defici\u00eancia"},"content":{"rendered":"<p>O Conselho Municipal de Pessoas com defici\u00eancia do munic\u00edpio de Monteiro realizou nesta segunda e ter\u00e7a-feira, 20, uma capacita\u00e7\u00e3o para emiss\u00e3o de Laudos Caracterizadores da Defici\u00eancia, voltado para os profissionais da \u00e1rea de sa\u00fade e educa\u00e7\u00e3o.<\/p>\n<p>As equipes t\u00e9cnicas multidisciplinares compostas por psic\u00f3logos, m\u00e9dicos, fisioterapeutas, enfermeiros, assistentes sociais e demais profissionais, al\u00e9m das diretoras do N\u00facleo de Assist\u00eancia Psicossocial Educacional \u2013 NAPSE e do Centro Especializado em Reabilita\u00e7\u00e3o \u2013 CER II puderam se inteirar sobre a lei e as novas exig\u00eancias do governo em rela\u00e7\u00e3o \u00e0s emiss\u00f5es de laudos de pessoas com defici\u00eancia.<\/p>\n<p>Entre os assuntos abordados est\u00e3o: O que \u00e9 a defici\u00eancia e o que \u00e9 a doen\u00e7a para a lei, Estudo sobre a lei que norteia a pessoa com defici\u00eancia f\u00edsica e os direitos, Defici\u00eancia Intelectual e os direitos \u2013 Nomenclatura, Estudos de caso e Atendimentos Individuais com M\u00e9dicos e com outros profissionais.<\/p>\n<p>\u201cO intuito principal desta capacita\u00e7\u00e3o foi a informa\u00e7\u00f5es sobre os novos procedimentos da lei que disp\u00f5e sobre a emiss\u00e3o de laudos da PcD e prestar um servi\u00e7o de excel\u00eancia no conjunto que une a Secretaria de Sa\u00fade com o CER II e a Secretaria de Educa\u00e7\u00e3o com o NAPSE \u201d, conta a diretora do CER II, Ana N\u00f3brega.<\/p>\n<p>&nbsp;<\/p>\n<p>Ascom\/Monteiro<\/p>\n","protected":false},"excerpt":{"rendered":"<p>O Conselho Municipal de Pessoas com defici\u00eancia do munic\u00edpio de Monteiro realizou nesta segunda e ter\u00e7a-feira, 20, uma capacita\u00e7\u00e3o para emiss\u00e3o de Laudos Caracterizadores da&hellip; <\/p>\n","protected":false},"author":1,"featured_media":73943,"comment_status":"closed","ping_status":"closed","sticky":false,"template":"","format":"standard","meta":{"sfsi_plus_gutenberg_text_before_share":"","sfsi_plus_gutenberg_show_text_before_share":"","sfsi_plus_gutenberg_icon_type":"","sfsi_plus_gutenberg_icon_alignemt":"","sfsi_plus_gutenburg_max_per_row":"","footnotes":""},"categories":[6],"tags":[],"class_list":["post-73942","post","type-post","status-publish","format-standard","has-post-thumbnail","hentry","category-cidades"],"_links":{"self":[{"href":"https:\/\/www.caririemacao.com\/1\/wp-json\/wp\/v2\/posts\/73942","targetHints":{"allow":["GET"]}}],"collection":[{"href":"https:\/\/www.caririemacao.com\/1\/wp-json\/wp\/v2\/posts"}],"about":[{"href":"https:\/\/www.caririemacao.com\/1\/wp-json\/wp\/v2\/types\/post"}],"author":[{"embeddable":true,"href":"https:\/\/www.caririemacao.com\/1\/wp-json\/wp\/v2\/users\/1"}],"replies":[{"embeddable":true,"href":"https:\/\/www.caririemacao.com\/1\/wp-json\/wp\/v2\/comments?post=73942"}],"version-history":[{"count":1,"href":"https:\/\/www.caririemacao.com\/1\/wp-json\/wp\/v2\/posts\/73942\/revisions"}],"predecessor-version":[{"id":73944,"href":"https:\/\/www.caririemacao.com\/1\/wp-json\/wp\/v2\/posts\/73942\/revisions\/73944"}],"wp:featuredmedia":[{"embeddable":true,"href":"https:\/\/www.caririemacao.com\/1\/wp-json\/wp\/v2\/media\/73943"}],"wp:attachment":[{"href":"https:\/\/www.caririemacao.com\/1\/wp-json\/wp\/v2\/media?parent=73942"}],"wp:term":[{"taxonomy":"category","embeddable":true,"href":"https:\/\/www.caririemacao.com\/1\/wp-json\/wp\/v2\/categories?post=73942"},{"taxonomy":"post_tag","embeddable":true,"href":"https:\/\/www.caririemacao.com\/1\/wp-json\/wp\/v2\/tags?post=73942"}],"curies":[{"name":"wp","href":"https:\/\/api.w.org\/{rel}","templated":true}]}}