{"id":73945,"date":"2018-11-22T14:50:45","date_gmt":"2018-11-22T17:50:45","guid":{"rendered":"http:\/\/www.caririemacao.com\/1\/?p=73945"},"modified":"2018-11-22T14:50:45","modified_gmt":"2018-11-22T17:50:45","slug":"prefeito-eden-duarte-e-secretarios-recebem-certificado-amigos-da-policia","status":"publish","type":"post","link":"https:\/\/www.caririemacao.com\/1\/2018\/11\/22\/prefeito-eden-duarte-e-secretarios-recebem-certificado-amigos-da-policia\/","title":{"rendered":"Prefeito \u00c9den Duarte e secret\u00e1rios recebem certificado Amigos da Pol\u00edcia"},"content":{"rendered":"<p>O 11\u00ba Batalh\u00e3o de Pol\u00edcia Militar da Para\u00edba realizou na quarta-feira (21\/11), na pra\u00e7a Jos\u00e9 Am\u00e9rico, a entrega do 1\u00ba uniforme aos soldados recrutas que est\u00e3o participando do Curso de Forma\u00e7\u00e3o de Soldados no munic\u00edpio de Sum\u00e9.<\/p>\n<p>O curso est\u00e1 acontecendo em Sum\u00e9 pela segunda vez. A primeira foi em 2015. Tem dura\u00e7\u00e3o de um ano e tr\u00eas meses, com 33 disciplinas e forma\u00e7\u00e3o em n\u00edvel superior. Com a conclus\u00e3o, os alunos estar\u00e3o formados em tecn\u00f3logo em Seguran\u00e7a P\u00fablica.<\/p>\n<p>Durante a solenidade, a Pol\u00edcia Militar entregou o certificado Amigo da Pol\u00edcia para alguns representantes da gest\u00e3o municipal que tem contribu\u00eddo com a PM. O prefeito \u00c9den Duarte, juntamente com o secret\u00e1rio de Educa\u00e7\u00e3o, Odilon Ara\u00fajo, representado pela coordenadora pedag\u00f3gica Aparecida Gomes e o secret\u00e1rio de Obras e Agricultura, Isca Viana, foram reconhecidos como parceiros da corpora\u00e7\u00e3o no munic\u00edpio.<\/p>\n<p>\u00c9den lembrou que a gest\u00e3o municipal tem buscado sempre dar sua contribui\u00e7\u00e3o para que a Pol\u00edcia possa ter uma condi\u00e7\u00e3o melhor de trabalho no munic\u00edpio. \u00c9den destacou que foi justamente por essa parceria exitosa que Sum\u00e9 recebe pela segunda vez o Curso de Forma\u00e7\u00e3o de Soldados.<\/p>\n<p>Ascom PMS<\/p>\n","protected":false},"excerpt":{"rendered":"<p>O 11\u00ba Batalh\u00e3o de Pol\u00edcia Militar da Para\u00edba realizou na quarta-feira (21\/11), na pra\u00e7a Jos\u00e9 Am\u00e9rico, a entrega do 1\u00ba uniforme aos soldados recrutas que&hellip; <\/p>\n","protected":false},"author":1,"featured_media":73946,"comment_status":"closed","ping_status":"closed","sticky":false,"template":"","format":"standard","meta":{"sfsi_plus_gutenberg_text_before_share":"","sfsi_plus_gutenberg_show_text_before_share":"","sfsi_plus_gutenberg_icon_type":"","sfsi_plus_gutenberg_icon_alignemt":"","sfsi_plus_gutenburg_max_per_row":"","footnotes":""},"categories":[6],"tags":[],"class_list":["post-73945","post","type-post","status-publish","format-standard","has-post-thumbnail","hentry","category-cidades"],"_links":{"self":[{"href":"https:\/\/www.caririemacao.com\/1\/wp-json\/wp\/v2\/posts\/73945","targetHints":{"allow":["GET"]}}],"collection":[{"href":"https:\/\/www.caririemacao.com\/1\/wp-json\/wp\/v2\/posts"}],"about":[{"href":"https:\/\/www.caririemacao.com\/1\/wp-json\/wp\/v2\/types\/post"}],"author":[{"embeddable":true,"href":"https:\/\/www.caririemacao.com\/1\/wp-json\/wp\/v2\/users\/1"}],"replies":[{"embeddable":true,"href":"https:\/\/www.caririemacao.com\/1\/wp-json\/wp\/v2\/comments?post=73945"}],"version-history":[{"count":1,"href":"https:\/\/www.caririemacao.com\/1\/wp-json\/wp\/v2\/posts\/73945\/revisions"}],"predecessor-version":[{"id":73947,"href":"https:\/\/www.caririemacao.com\/1\/wp-json\/wp\/v2\/posts\/73945\/revisions\/73947"}],"wp:featuredmedia":[{"embeddable":true,"href":"https:\/\/www.caririemacao.com\/1\/wp-json\/wp\/v2\/media\/73946"}],"wp:attachment":[{"href":"https:\/\/www.caririemacao.com\/1\/wp-json\/wp\/v2\/media?parent=73945"}],"wp:term":[{"taxonomy":"category","embeddable":true,"href":"https:\/\/www.caririemacao.com\/1\/wp-json\/wp\/v2\/categories?post=73945"},{"taxonomy":"post_tag","embeddable":true,"href":"https:\/\/www.caririemacao.com\/1\/wp-json\/wp\/v2\/tags?post=73945"}],"curies":[{"name":"wp","href":"https:\/\/api.w.org\/{rel}","templated":true}]}}