{"id":73948,"date":"2018-11-22T15:01:21","date_gmt":"2018-11-22T18:01:21","guid":{"rendered":"http:\/\/www.caririemacao.com\/1\/?p=73948"},"modified":"2018-11-22T15:01:21","modified_gmt":"2018-11-22T18:01:21","slug":"ifpb-amplia-vagas-para-concurso-de-servidores-e-confirma-edital-para-inicio-de-dezembro","status":"publish","type":"post","link":"https:\/\/www.caririemacao.com\/1\/2018\/11\/22\/ifpb-amplia-vagas-para-concurso-de-servidores-e-confirma-edital-para-inicio-de-dezembro\/","title":{"rendered":"IFPB amplia vagas para concurso de servidores e confirma edital para in\u00edcio de dezembro"},"content":{"rendered":"<p>O n\u00famero de vagas no concurso p\u00fablico para o Instituto Federal da Para\u00edba (IFPB) foi ampliado para 130, incluindo agora cargos de n\u00edvel intermedi\u00e1rio. Ser\u00e3o disponibilizadas cerca de 100 vagas para professores e 30 para o cargo de t\u00e9cnico-administrativos. Destas 30 vagas para t\u00e9cnico, 11 ser\u00e3o destinadas para o n\u00edvel intermedi\u00e1rio e 19 para n\u00edvel superior.<\/p>\n<p>O edital do concurso do Instituto Federal da Para\u00edba (IFPB) deve ser divulgado na primeira quinzena do m\u00eas de dezembro. As inscri\u00e7\u00f5es para o certame devem ser iniciadas no come\u00e7o do m\u00eas de janeiro.<\/p>\n<p>Em entrevista ao ClickPB, o reitor Nic\u00e1cio Lopes disse que as vac\u00e2ncias foram ensejadas por aposentadorias e houve casos tamb\u00e9m de falecimentos no interior do estado. Ser\u00e3o publicados dois editais, sendo um para os cargos de professor e outro para os t\u00e9cnicos.<\/p>\n<p>Atualmente est\u00e1 sendo conclu\u00eddo o mapeamento das necessidades em cada campus. A prioridade nas vagas deve ser destinada para as unidades em implanta\u00e7\u00e3o, localizadas nas cidades de Santa Rita, Itabaiana, Esperan\u00e7a, Catol\u00e9 do Rocha, Itaporanga, Santa Luzia. No entanto, tamb\u00e9m deve ser feita a recomposi\u00e7\u00e3o das unidades j\u00e1 consolidadas, como Jo\u00e3o Pessoa, Campina Grande, Sousa, Cajazeiras.<\/p>\n<p>Anteriormente estavam previstas 101 vagas, sendo 85 para professores e 19 para servidores t\u00e9cnico-administrativos.<\/p>\n<figure><img decoding=\"async\" data-src=\"https:\/\/www.clickpb.com.br\/media\/filer_public\/7c\/40\/7c40dfd8-c737-4051-b48f-713770c95890\/ifpb_vagas.jpg\" data-image=\"107512\" src=\"data:image\/svg+xml;base64,PHN2ZyB3aWR0aD0iMSIgaGVpZ2h0PSIxIiB4bWxucz0iaHR0cDovL3d3dy53My5vcmcvMjAwMC9zdmciPjwvc3ZnPg==\" class=\"lazyload\" \/><\/figure>\n<section class=\"pg-newDetail__shareMobile\">\n<h1 class=\"pg-newDetail__shareMobile__title\"><\/h1>\n<\/section>\n","protected":false},"excerpt":{"rendered":"<p>O n\u00famero de vagas no concurso p\u00fablico para o Instituto Federal da Para\u00edba (IFPB) foi ampliado para 130, incluindo agora cargos de n\u00edvel intermedi\u00e1rio. Ser\u00e3o&hellip; <\/p>\n","protected":false},"author":1,"featured_media":41503,"comment_status":"closed","ping_status":"closed","sticky":false,"template":"","format":"standard","meta":{"sfsi_plus_gutenberg_text_before_share":"","sfsi_plus_gutenberg_show_text_before_share":"","sfsi_plus_gutenberg_icon_type":"","sfsi_plus_gutenberg_icon_alignemt":"","sfsi_plus_gutenburg_max_per_row":"","footnotes":""},"categories":[14],"tags":[],"class_list":["post-73948","post","type-post","status-publish","format-standard","has-post-thumbnail","hentry","category-educacao"],"_links":{"self":[{"href":"https:\/\/www.caririemacao.com\/1\/wp-json\/wp\/v2\/posts\/73948","targetHints":{"allow":["GET"]}}],"collection":[{"href":"https:\/\/www.caririemacao.com\/1\/wp-json\/wp\/v2\/posts"}],"about":[{"href":"https:\/\/www.caririemacao.com\/1\/wp-json\/wp\/v2\/types\/post"}],"author":[{"embeddable":true,"href":"https:\/\/www.caririemacao.com\/1\/wp-json\/wp\/v2\/users\/1"}],"replies":[{"embeddable":true,"href":"https:\/\/www.caririemacao.com\/1\/wp-json\/wp\/v2\/comments?post=73948"}],"version-history":[{"count":1,"href":"https:\/\/www.caririemacao.com\/1\/wp-json\/wp\/v2\/posts\/73948\/revisions"}],"predecessor-version":[{"id":73949,"href":"https:\/\/www.caririemacao.com\/1\/wp-json\/wp\/v2\/posts\/73948\/revisions\/73949"}],"wp:featuredmedia":[{"embeddable":true,"href":"https:\/\/www.caririemacao.com\/1\/wp-json\/wp\/v2\/media\/41503"}],"wp:attachment":[{"href":"https:\/\/www.caririemacao.com\/1\/wp-json\/wp\/v2\/media?parent=73948"}],"wp:term":[{"taxonomy":"category","embeddable":true,"href":"https:\/\/www.caririemacao.com\/1\/wp-json\/wp\/v2\/categories?post=73948"},{"taxonomy":"post_tag","embeddable":true,"href":"https:\/\/www.caririemacao.com\/1\/wp-json\/wp\/v2\/tags?post=73948"}],"curies":[{"name":"wp","href":"https:\/\/api.w.org\/{rel}","templated":true}]}}