{"id":73950,"date":"2018-11-22T15:05:09","date_gmt":"2018-11-22T18:05:09","guid":{"rendered":"http:\/\/www.caririemacao.com\/1\/?p=73950"},"modified":"2018-11-22T15:05:09","modified_gmt":"2018-11-22T18:05:09","slug":"sentenca-de-lula-sobre-sitio-em-atibaia-fica-para-2019","status":"publish","type":"post","link":"https:\/\/www.caririemacao.com\/1\/2018\/11\/22\/sentenca-de-lula-sobre-sitio-em-atibaia-fica-para-2019\/","title":{"rendered":"Senten\u00e7a de Lula sobre s\u00edtio em Atibaia fica para 2019"},"content":{"rendered":"<p>A ju\u00edza federal substituta Gabriela Hardt definiu nesta quarta-feira (21) os prazos para as manifesta\u00e7\u00f5es das partes envolvidas no processo do s\u00edtio em Atibaia, no interior de S\u00e3o Paulo, que teria sido reformado com dinheiro oriundo de um esquema de corrup\u00e7\u00e3o que envolve o ex-presidente Luiz In\u00e1cio Lula da Silva e outros 12 r\u00e9us.<\/p>\n<p>Defesa e acusa\u00e7\u00e3o ter\u00e3o entre aos dias 30 de novembro e 7 de janeiro para apresentar as \u00faltimas considera\u00e7\u00f5es. Com isso, a senten\u00e7a do caso ficar\u00e1 para 2019. As informa\u00e7\u00f5es s\u00e3o do site de not\u00edcias &#8220;UOL&#8221;.<\/p>\n<p>A fase de interrogat\u00f3rios e a an\u00e1lise dos \u00faltimos pedidos da defesa foram encerrados na semana passada, sendo que o depoimento do ex-presidente Lula aconteceu no \u00faltimo dia 14. Esse foi o primeiro encontro do petista com a ju\u00edza Gabriela, que substitui ao ex-juiz federal S\u00e9rgio Moro, que pediu exonera\u00e7\u00e3o ap\u00f3s ser indicado pelo presidente eleito, Jair Bolsonaro, para ocupar o Minist\u00e9rio da Justi\u00e7a e Seguran\u00e7a P\u00fablica.<\/p>\n<p>Lula \u00e9 acusado de ter recebido cerca de R$ 1 milh\u00e3o em vantagens indevidas envolvendo empreiteiras e a Petrobras. A procuradoria dever\u00e1 apresentar suas alega\u00e7\u00f5es finais entre 30 de novembro e 10 de dezembro. Em seguida, a Petrobras ter\u00e1 entre os dias 11 e 12 de dezembro para se manifestar. Entre 13 de dezembro e 7 de janeiro, as defesas poder\u00e3o apresentar considera\u00e7\u00f5es \u00e0 ju\u00edza, que n\u00e3o tem prazo definido para chegar a uma decis\u00e3o. (ANSA)<\/p>\n","protected":false},"excerpt":{"rendered":"<p>A ju\u00edza federal substituta Gabriela Hardt definiu nesta quarta-feira (21) os prazos para as manifesta\u00e7\u00f5es das partes envolvidas no processo do s\u00edtio em Atibaia, no&hellip; <\/p>\n","protected":false},"author":1,"featured_media":46477,"comment_status":"closed","ping_status":"closed","sticky":false,"template":"","format":"standard","meta":{"sfsi_plus_gutenberg_text_before_share":"","sfsi_plus_gutenberg_show_text_before_share":"","sfsi_plus_gutenberg_icon_type":"","sfsi_plus_gutenberg_icon_alignemt":"","sfsi_plus_gutenburg_max_per_row":"","footnotes":""},"categories":[11],"tags":[],"class_list":["post-73950","post","type-post","status-publish","format-standard","has-post-thumbnail","hentry","category-politica"],"_links":{"self":[{"href":"https:\/\/www.caririemacao.com\/1\/wp-json\/wp\/v2\/posts\/73950","targetHints":{"allow":["GET"]}}],"collection":[{"href":"https:\/\/www.caririemacao.com\/1\/wp-json\/wp\/v2\/posts"}],"about":[{"href":"https:\/\/www.caririemacao.com\/1\/wp-json\/wp\/v2\/types\/post"}],"author":[{"embeddable":true,"href":"https:\/\/www.caririemacao.com\/1\/wp-json\/wp\/v2\/users\/1"}],"replies":[{"embeddable":true,"href":"https:\/\/www.caririemacao.com\/1\/wp-json\/wp\/v2\/comments?post=73950"}],"version-history":[{"count":1,"href":"https:\/\/www.caririemacao.com\/1\/wp-json\/wp\/v2\/posts\/73950\/revisions"}],"predecessor-version":[{"id":73951,"href":"https:\/\/www.caririemacao.com\/1\/wp-json\/wp\/v2\/posts\/73950\/revisions\/73951"}],"wp:featuredmedia":[{"embeddable":true,"href":"https:\/\/www.caririemacao.com\/1\/wp-json\/wp\/v2\/media\/46477"}],"wp:attachment":[{"href":"https:\/\/www.caririemacao.com\/1\/wp-json\/wp\/v2\/media?parent=73950"}],"wp:term":[{"taxonomy":"category","embeddable":true,"href":"https:\/\/www.caririemacao.com\/1\/wp-json\/wp\/v2\/categories?post=73950"},{"taxonomy":"post_tag","embeddable":true,"href":"https:\/\/www.caririemacao.com\/1\/wp-json\/wp\/v2\/tags?post=73950"}],"curies":[{"name":"wp","href":"https:\/\/api.w.org\/{rel}","templated":true}]}}