{"id":73952,"date":"2018-11-22T15:09:20","date_gmt":"2018-11-22T18:09:20","guid":{"rendered":"http:\/\/www.caririemacao.com\/1\/?p=73952"},"modified":"2018-11-22T15:09:20","modified_gmt":"2018-11-22T18:09:20","slug":"clubes-da-paraiba-treinam-para-conquistar-bons-resultados-na-copa-sao-paulo","status":"publish","type":"post","link":"https:\/\/www.caririemacao.com\/1\/2018\/11\/22\/clubes-da-paraiba-treinam-para-conquistar-bons-resultados-na-copa-sao-paulo\/","title":{"rendered":"Clubes da Para\u00edba treinam para conquistar bons resultados na Copa S\u00e3o Paulo"},"content":{"rendered":"<p>Termina no pr\u00f3ximo domingo, o prazo dado pela Federa\u00e7\u00e3o Paulista de Futebol para que as equipes que v\u00e3o participar da Copa S\u00e3o Paulo de Futebol J\u00fanior registrem 25 atletas que v\u00e3o participar da competi\u00e7\u00e3o. Eles devem estar registrados pelos clubes no BID da CBF, desde 19 setembro. A Copa ter\u00e1 in\u00edcio no dia 2 de janeiro e os grupos ser\u00e3o divulgados at\u00e9 o dia 30 deste m\u00eas. A Para\u00edba ser\u00e1 representada pelo CSP e pela Queimadense, campe\u00e3o paraibano e vice respectivamente da categoria sub-19. O Femar foi tamb\u00e9m indicado pela FPF, mas ainda n\u00e3o h\u00e1 uma confirma\u00e7\u00e3o da participa\u00e7\u00e3o.<\/p>\n<p>&nbsp;<\/p>\n<p>No CSP, a prepara\u00e7\u00e3o para a Copa S\u00e3o Paulo j\u00e1 come\u00e7ou, logo ap\u00f3s o t\u00e9rmino do Campeonato Paraibano de 2018. O clube iniciou o trabalho com 36 atletas, depois registrou 30, e agora trabalha com um grupo de 25 jogadores. Nem todos dever\u00e3o ir para S\u00e3o Paulo, j\u00e1 que s\u00f3 h\u00e1 hospedagem e alimenta\u00e7\u00e3o para delega\u00e7\u00f5es com 25 pessoas, j\u00e1 inclu\u00eddos os dirigentes e comiss\u00e3o t\u00e9cnica.<\/p>\n<p>&nbsp;<\/p>\n<p>Segundo o presidente e t\u00e9cnico do CSP, Josivaldo Alves, o grupo final ter\u00e1 em torno de no m\u00e1ximo 20 atletas. O clube vem realizando amistosos toda a semana para manter o ritmo de jogo da garotada. \u201cTreino \u00e9 treino e jogo \u00e9 jogo. Temos sempre feito amistosos duros para testar os garotos. Na \u00faltima sexta-feira, fomos a Pernambuco e vencemos o Sport por 2 a 1. Os garotos foram t\u00e3o bem que dois deles interessaram ao Le\u00e3o da Ilha, e est\u00e3o fazendo um per\u00edodo de testes l\u00e1.<\/p>\n<p>&nbsp;<\/p>\n<p>S\u00e3o eles o goleiro Jo\u00e3o Paulo, conhecido como M\u00e3o de P\u00e1, e o zagueiro e tamb\u00e9m volante, Leonardo. N\u00e3o sei ainda se eles disputar\u00e3o a Copa S\u00e3o Paulo por n\u00f3s, ou pelo Sport\u201d, disse Josivaldo.<\/p>\n<p>&nbsp;<\/p>\n<p>Na Queimadense, o treinador Fabr\u00edcio Tavares come\u00e7ou o trabalho de prepara\u00e7\u00e3o para a maior competi\u00e7\u00e3o de futebol de base do pa\u00eds, h\u00e1 cerca de 1 m\u00eas, com 36 atletas. A inten\u00e7\u00e3o \u00e9 levar para S\u00e3o Paulo 20 atletas. Ap\u00f3s o Campeonato Paraibano, o clube contratou alguns jogadores vindo de Pernambuco e do Rio Grande do Norte. Se juntaram tamb\u00e9m ao grupo, alguns atletas do pr\u00f3prio clube, que n\u00e3o puderam participar do campeonato estadual.<\/p>\n<p>&nbsp;<\/p>\n<p>pbagora<\/p>\n","protected":false},"excerpt":{"rendered":"<p>Termina no pr\u00f3ximo domingo, o prazo dado pela Federa\u00e7\u00e3o Paulista de Futebol para que as equipes que v\u00e3o participar da Copa S\u00e3o Paulo de Futebol&hellip; <\/p>\n","protected":false},"author":1,"featured_media":73953,"comment_status":"closed","ping_status":"closed","sticky":false,"template":"","format":"standard","meta":{"sfsi_plus_gutenberg_text_before_share":"","sfsi_plus_gutenberg_show_text_before_share":"","sfsi_plus_gutenberg_icon_type":"","sfsi_plus_gutenberg_icon_alignemt":"","sfsi_plus_gutenburg_max_per_row":"","footnotes":""},"categories":[13],"tags":[],"class_list":["post-73952","post","type-post","status-publish","format-standard","has-post-thumbnail","hentry","category-esportes"],"_links":{"self":[{"href":"https:\/\/www.caririemacao.com\/1\/wp-json\/wp\/v2\/posts\/73952","targetHints":{"allow":["GET"]}}],"collection":[{"href":"https:\/\/www.caririemacao.com\/1\/wp-json\/wp\/v2\/posts"}],"about":[{"href":"https:\/\/www.caririemacao.com\/1\/wp-json\/wp\/v2\/types\/post"}],"author":[{"embeddable":true,"href":"https:\/\/www.caririemacao.com\/1\/wp-json\/wp\/v2\/users\/1"}],"replies":[{"embeddable":true,"href":"https:\/\/www.caririemacao.com\/1\/wp-json\/wp\/v2\/comments?post=73952"}],"version-history":[{"count":1,"href":"https:\/\/www.caririemacao.com\/1\/wp-json\/wp\/v2\/posts\/73952\/revisions"}],"predecessor-version":[{"id":73954,"href":"https:\/\/www.caririemacao.com\/1\/wp-json\/wp\/v2\/posts\/73952\/revisions\/73954"}],"wp:featuredmedia":[{"embeddable":true,"href":"https:\/\/www.caririemacao.com\/1\/wp-json\/wp\/v2\/media\/73953"}],"wp:attachment":[{"href":"https:\/\/www.caririemacao.com\/1\/wp-json\/wp\/v2\/media?parent=73952"}],"wp:term":[{"taxonomy":"category","embeddable":true,"href":"https:\/\/www.caririemacao.com\/1\/wp-json\/wp\/v2\/categories?post=73952"},{"taxonomy":"post_tag","embeddable":true,"href":"https:\/\/www.caririemacao.com\/1\/wp-json\/wp\/v2\/tags?post=73952"}],"curies":[{"name":"wp","href":"https:\/\/api.w.org\/{rel}","templated":true}]}}