{"id":73958,"date":"2018-11-22T17:14:10","date_gmt":"2018-11-22T20:14:10","guid":{"rendered":"http:\/\/www.caririemacao.com\/1\/?p=73958"},"modified":"2018-11-22T17:14:10","modified_gmt":"2018-11-22T20:14:10","slug":"poder-absoluto-corrompe-afirma-michel-temer","status":"publish","type":"post","link":"https:\/\/www.caririemacao.com\/1\/2018\/11\/22\/poder-absoluto-corrompe-afirma-michel-temer\/","title":{"rendered":"Poder absoluto corrompe, afirma Michel Temer"},"content":{"rendered":"<p>Perto do t\u00e9rmino de seu mandato, o presidente Michel Temer fez nesta quinta-feira (22) uma avalia\u00e7\u00e3o sobre o funcionamento da m\u00e1quina p\u00fablica e concluiu que o poder absoluto corrompe.<\/p>\n<p>Em abertura de um f\u00f3rum de \u00f3rg\u00e3os de controle, na capital federal, ele considerou que, sem fiscaliza\u00e7\u00e3o, o poder p\u00fablico se degenera com excessos e abusos.<\/p>\n<p>\u201cO poder, sem controle, logo se degenera em excessos, abusos, arb\u00edtrio. N\u00e3o \u00e9 sem raz\u00e3o aquela velha frase usada por tantos polit\u00f3logos constitucionalistas, dizendo que o poder corrompe, mas o poder absoluto corrompe absolutamente\u201d, disse.<\/p>\n<p>Em dois anos e meio \u00e0 frente do Pal\u00e1cio do Planalto, o presidente foi duas vezes denunciado pela PGR (Procuradoria-Geral da Rep\u00fablica), perdeu tr\u00eas ministros por suspeitas de irregularidades e teve seis auxiliares citados no rastro da Lava Jato.<\/p>\n<p>\u201cSe voc\u00ea arrecada, se voc\u00ea vai gastar, e quem gasta \u00e9 a autoridade constitu\u00edda voc\u00ea tem que ter um controle. O velho controle que deriva da ideia de que cada poder tem que limitar a atividade do outro poder\u201d, disse.<\/p>\n<p>Mais tarde, em outro evento no Pal\u00e1cio do Planalto, o presidente fez outra considera\u00e7\u00e3o sobre a atividade governamental.<\/p>\n<p>Para ele, n\u00e3o \u00e9 necess\u00e1rio produzir muitas propostas e decretos para que se administre com \u00eaxito.<\/p>\n<p>\u201cEssa hist\u00f3ria de produzir muito ato normativo e muita lei, na verdade, \u00e9 incompat\u00edvel com a seguran\u00e7a jur\u00eddica. Quando voc\u00ea produz uma nova lei, de alguma maneira, se ela n\u00e3o for muito consequente, voc\u00ea instabiliza as rela\u00e7\u00f5es sociais\u201d, afirmou.<\/p>\n<p>Para ele, quanto menos se produzir novas regras, \u201cmelhor para a estabilidade\u201d, porque \u201cas pessoas v\u00e3o percebendo que a ordem social \u00e9 est\u00e1vel\u201d.<\/p>\n<p>Nas \u00faltimas semanas, o presidente tem dado recados ao seu sucessor, Jair Bolsonaro. Em cartilha, entregue a ele, ressaltou que n\u00e3o h\u00e1 espa\u00e7o para retroceder no pa\u00eds.<\/p>\n<p>Em discurso, feito na presen\u00e7a do capit\u00e3o reformado, destacou que \u201cn\u00e3o h\u00e1 caminhos fora da Constitui\u00e7\u00e3o Federal\u201d.<\/p>\n<p>&nbsp;<\/p>\n<p>Folha Press<\/p>\n","protected":false},"excerpt":{"rendered":"<p>Perto do t\u00e9rmino de seu mandato, o presidente Michel Temer fez nesta quinta-feira (22) uma avalia\u00e7\u00e3o sobre o funcionamento da m\u00e1quina p\u00fablica e concluiu que&hellip; <\/p>\n","protected":false},"author":1,"featured_media":40463,"comment_status":"closed","ping_status":"closed","sticky":false,"template":"","format":"standard","meta":{"sfsi_plus_gutenberg_text_before_share":"","sfsi_plus_gutenberg_show_text_before_share":"","sfsi_plus_gutenberg_icon_type":"","sfsi_plus_gutenberg_icon_alignemt":"","sfsi_plus_gutenburg_max_per_row":"","footnotes":""},"categories":[11],"tags":[],"class_list":["post-73958","post","type-post","status-publish","format-standard","has-post-thumbnail","hentry","category-politica"],"_links":{"self":[{"href":"https:\/\/www.caririemacao.com\/1\/wp-json\/wp\/v2\/posts\/73958","targetHints":{"allow":["GET"]}}],"collection":[{"href":"https:\/\/www.caririemacao.com\/1\/wp-json\/wp\/v2\/posts"}],"about":[{"href":"https:\/\/www.caririemacao.com\/1\/wp-json\/wp\/v2\/types\/post"}],"author":[{"embeddable":true,"href":"https:\/\/www.caririemacao.com\/1\/wp-json\/wp\/v2\/users\/1"}],"replies":[{"embeddable":true,"href":"https:\/\/www.caririemacao.com\/1\/wp-json\/wp\/v2\/comments?post=73958"}],"version-history":[{"count":1,"href":"https:\/\/www.caririemacao.com\/1\/wp-json\/wp\/v2\/posts\/73958\/revisions"}],"predecessor-version":[{"id":73970,"href":"https:\/\/www.caririemacao.com\/1\/wp-json\/wp\/v2\/posts\/73958\/revisions\/73970"}],"wp:featuredmedia":[{"embeddable":true,"href":"https:\/\/www.caririemacao.com\/1\/wp-json\/wp\/v2\/media\/40463"}],"wp:attachment":[{"href":"https:\/\/www.caririemacao.com\/1\/wp-json\/wp\/v2\/media?parent=73958"}],"wp:term":[{"taxonomy":"category","embeddable":true,"href":"https:\/\/www.caririemacao.com\/1\/wp-json\/wp\/v2\/categories?post=73958"},{"taxonomy":"post_tag","embeddable":true,"href":"https:\/\/www.caririemacao.com\/1\/wp-json\/wp\/v2\/tags?post=73958"}],"curies":[{"name":"wp","href":"https:\/\/api.w.org\/{rel}","templated":true}]}}