{"id":73965,"date":"2018-11-22T16:08:55","date_gmt":"2018-11-22T19:08:55","guid":{"rendered":"http:\/\/www.caririemacao.com\/1\/?p=73965"},"modified":"2018-11-22T16:08:55","modified_gmt":"2018-11-22T19:08:55","slug":"camara-de-gurjao-se-reune-quinta-feira-22","status":"publish","type":"post","link":"https:\/\/www.caririemacao.com\/1\/2018\/11\/22\/camara-de-gurjao-se-reune-quinta-feira-22\/","title":{"rendered":"C\u00e2mara de Gurj\u00e3o se re\u00fane quinta-feira (22) \u00a0"},"content":{"rendered":"<p>A C\u00e2mara Municipal de Gurj\u00e3o realizar\u00e1 na noite desta quinta-feira (22) mais uma importante sess\u00e3o ordin\u00e1ria.<\/p>\n<p>A reuni\u00e3o tradicionalmente ocorre \u00e0s sextas-feiras, mais por motivos superiores a sess\u00e3o foi antecipada. Os in\u00edcios dos trabalhos est\u00e3o previstos para as 19 horas.<\/p>\n<p>O presidente Adailsinho Queiroz convida toda popula\u00e7\u00e3o a prestigiar os trabalhos que acontecem logo mais a noite.<\/p>\n<p style=\"text-align: right;\"><em><strong>Reda\u00e7\u00e3o\u00a0<\/strong><\/em><\/p>\n","protected":false},"excerpt":{"rendered":"<p>A C\u00e2mara Municipal de Gurj\u00e3o realizar\u00e1 na noite desta quinta-feira (22) mais uma importante sess\u00e3o ordin\u00e1ria. A reuni\u00e3o tradicionalmente ocorre \u00e0s sextas-feiras, mais por motivos&hellip; <\/p>\n","protected":false},"author":1,"featured_media":62262,"comment_status":"closed","ping_status":"closed","sticky":false,"template":"","format":"standard","meta":{"sfsi_plus_gutenberg_text_before_share":"","sfsi_plus_gutenberg_show_text_before_share":"","sfsi_plus_gutenberg_icon_type":"","sfsi_plus_gutenberg_icon_alignemt":"","sfsi_plus_gutenburg_max_per_row":"","footnotes":""},"categories":[6],"tags":[],"class_list":["post-73965","post","type-post","status-publish","format-standard","has-post-thumbnail","hentry","category-cidades"],"_links":{"self":[{"href":"https:\/\/www.caririemacao.com\/1\/wp-json\/wp\/v2\/posts\/73965","targetHints":{"allow":["GET"]}}],"collection":[{"href":"https:\/\/www.caririemacao.com\/1\/wp-json\/wp\/v2\/posts"}],"about":[{"href":"https:\/\/www.caririemacao.com\/1\/wp-json\/wp\/v2\/types\/post"}],"author":[{"embeddable":true,"href":"https:\/\/www.caririemacao.com\/1\/wp-json\/wp\/v2\/users\/1"}],"replies":[{"embeddable":true,"href":"https:\/\/www.caririemacao.com\/1\/wp-json\/wp\/v2\/comments?post=73965"}],"version-history":[{"count":1,"href":"https:\/\/www.caririemacao.com\/1\/wp-json\/wp\/v2\/posts\/73965\/revisions"}],"predecessor-version":[{"id":73966,"href":"https:\/\/www.caririemacao.com\/1\/wp-json\/wp\/v2\/posts\/73965\/revisions\/73966"}],"wp:featuredmedia":[{"embeddable":true,"href":"https:\/\/www.caririemacao.com\/1\/wp-json\/wp\/v2\/media\/62262"}],"wp:attachment":[{"href":"https:\/\/www.caririemacao.com\/1\/wp-json\/wp\/v2\/media?parent=73965"}],"wp:term":[{"taxonomy":"category","embeddable":true,"href":"https:\/\/www.caririemacao.com\/1\/wp-json\/wp\/v2\/categories?post=73965"},{"taxonomy":"post_tag","embeddable":true,"href":"https:\/\/www.caririemacao.com\/1\/wp-json\/wp\/v2\/tags?post=73965"}],"curies":[{"name":"wp","href":"https:\/\/api.w.org\/{rel}","templated":true}]}}