{"id":73971,"date":"2018-11-22T17:17:15","date_gmt":"2018-11-22T20:17:15","guid":{"rendered":"http:\/\/www.caririemacao.com\/1\/?p=73971"},"modified":"2018-11-22T17:17:15","modified_gmt":"2018-11-22T20:17:15","slug":"ex-prefeito-paraibano-e-condenado-por-improbidade-administrativa","status":"publish","type":"post","link":"https:\/\/www.caririemacao.com\/1\/2018\/11\/22\/ex-prefeito-paraibano-e-condenado-por-improbidade-administrativa\/","title":{"rendered":"Ex-prefeito paraibano \u00e9 condenado por improbidade administrativa"},"content":{"rendered":"<p>3a Vara da Comarca de Catol\u00e9 do Rocha deferiu a a\u00e7\u00e3o civil p\u00fablica por ato de improbidade administrativa ajuizada pela Promotoria de Justi\u00e7a e condenou o ex-prefeito do Munic\u00edpio de Riacho dos Cavalos (a 430 quil\u00f4metros de Jo\u00e3o Pessoa), Sebasti\u00e3o Pereira Primo, \u00e0 perda dos direitos pol\u00edticos por cinco anos.<\/p>\n<p>Conforme explicou o promotor de Justi\u00e7a \u00cdtalo M\u00e1cio Sousa, a a\u00e7\u00e3o foi ajuizada em 2014, com base no ac\u00f3rd\u00e3o do Tribunal Contas do Estado (TCE-PB), que reprovou a presta\u00e7\u00e3o de contas do ex-prefeito referente ao exerc\u00edcio de 2008, devido a irregularidades constatadas que causaram um preju\u00edzo aos cofres p\u00fablicos no montante aproximado de R$ 890 mil.<\/p>\n<div id=\"attachment_529674\" class=\"wp-caption aligncenter\"><img decoding=\"async\" class=\"wp-image-529674 size-full lazyload\" data-src=\"https:\/\/paraibaonline.com.br\/wp-content\/uploads\/2018\/11\/Sebasti\u00e3o-Pereira-Primo.jpg\" data-srcset=\"https:\/\/paraibaonline.com.br\/wp-content\/uploads\/2018\/11\/Sebasti\u00e3o-Pereira-Primo.jpg 604w, https:\/\/paraibaonline.com.br\/wp-content\/uploads\/2018\/11\/Sebasti\u00e3o-Pereira-Primo-430x417.jpg 430w\" alt=\"Foto: Reprodu\u00e7\u00e3o\" src=\"data:image\/svg+xml;base64,PHN2ZyB3aWR0aD0iMSIgaGVpZ2h0PSIxIiB4bWxucz0iaHR0cDovL3d3dy53My5vcmcvMjAwMC9zdmciPjwvc3ZnPg==\" \/><\/p>\n<p class=\"wp-caption-text\">Foto: Reprodu\u00e7\u00e3o<\/p>\n<\/div>\n<p>O ex-gestor tamb\u00e9m foi condenado \u00e0s seguintes san\u00e7\u00f5es previstas no artigo 12 da Lei 8.429\/1992: pagamento de multa civil e das custas processuais e proibi\u00e7\u00e3o de contratar com o poder p\u00fablico ou de receber benef\u00edcios ou incentivos fiscais ou credit\u00edcios direta ou indiretamente, ainda que por meio de pessoa jur\u00eddica da qual seja s\u00f3cio majorit\u00e1rio pelo prazo de cinco anos.<\/p>\n<p>O juiz Rusio Melo determinou ainda que, ap\u00f3s o tr\u00e2nsito em julgado, a Justi\u00e7a Eleitoral deve ser oficiada sobre a suspens\u00e3o dos direitos pol\u00edticos do ex-prefeito.<\/p>\n<p>Irregularidades<br \/>\nSebasti\u00e3o Pereira Primo foi prefeito de Riacho dos Cavalos entre 2004 e 2011, em fun\u00e7\u00e3o da reelei\u00e7\u00e3o e teve as contas do exerc\u00edcio de 2008 reprovadas pelo TCE-PB, que detectou o descumprimento da Lei de Licita\u00e7\u00f5es e Contratos, devido \u00e0 realiza\u00e7\u00e3o de despesas sem pr\u00e9via licita\u00e7\u00e3o.<\/p>\n<p>O problema levou a Promotoria de Justi\u00e7a de Defesa do Patrim\u00f4nio P\u00fablico de Catol\u00e9 do Rocha a instaurar inqu\u00e9rito civil para investigar o fato.<\/p>\n<p>As investiga\u00e7\u00f5es constataram que dentre os servi\u00e7os e bens adquiridos sem licita\u00e7\u00e3o pr\u00e9via est\u00e3o carteiras escolares, combust\u00edvel, equipamentos de inform\u00e1tica, g\u00eaneros aliment\u00edcios, material de constru\u00e7\u00e3o, medicamentos, pe\u00e7as e pneus para ve\u00edculos, loca\u00e7\u00e3o de m\u00e1quina copiadora, trator e contrata\u00e7\u00e3o de obras e servi\u00e7os de engenharia para amplia\u00e7\u00e3o da maternidade municipal e de avenidas da cidade, assim como servi\u00e7os de transporte de pessoas e de escolares.<\/p>\n<p>Em fun\u00e7\u00e3o disso, foi ajuizada a\u00e7\u00e3o civil p\u00fablica por ato de improbidade administrativa contra o ex-prefeito.<\/p>\n<p>&nbsp;<\/p>\n<p>Para\u00edba Online<\/p>\n","protected":false},"excerpt":{"rendered":"<p>3a Vara da Comarca de Catol\u00e9 do Rocha deferiu a a\u00e7\u00e3o civil p\u00fablica por ato de improbidade administrativa ajuizada pela Promotoria de Justi\u00e7a e condenou&hellip; <\/p>\n","protected":false},"author":1,"featured_media":73972,"comment_status":"closed","ping_status":"closed","sticky":false,"template":"","format":"standard","meta":{"sfsi_plus_gutenberg_text_before_share":"","sfsi_plus_gutenberg_show_text_before_share":"","sfsi_plus_gutenberg_icon_type":"","sfsi_plus_gutenberg_icon_alignemt":"","sfsi_plus_gutenburg_max_per_row":"","footnotes":""},"categories":[11],"tags":[],"class_list":["post-73971","post","type-post","status-publish","format-standard","has-post-thumbnail","hentry","category-politica"],"_links":{"self":[{"href":"https:\/\/www.caririemacao.com\/1\/wp-json\/wp\/v2\/posts\/73971","targetHints":{"allow":["GET"]}}],"collection":[{"href":"https:\/\/www.caririemacao.com\/1\/wp-json\/wp\/v2\/posts"}],"about":[{"href":"https:\/\/www.caririemacao.com\/1\/wp-json\/wp\/v2\/types\/post"}],"author":[{"embeddable":true,"href":"https:\/\/www.caririemacao.com\/1\/wp-json\/wp\/v2\/users\/1"}],"replies":[{"embeddable":true,"href":"https:\/\/www.caririemacao.com\/1\/wp-json\/wp\/v2\/comments?post=73971"}],"version-history":[{"count":1,"href":"https:\/\/www.caririemacao.com\/1\/wp-json\/wp\/v2\/posts\/73971\/revisions"}],"predecessor-version":[{"id":73973,"href":"https:\/\/www.caririemacao.com\/1\/wp-json\/wp\/v2\/posts\/73971\/revisions\/73973"}],"wp:featuredmedia":[{"embeddable":true,"href":"https:\/\/www.caririemacao.com\/1\/wp-json\/wp\/v2\/media\/73972"}],"wp:attachment":[{"href":"https:\/\/www.caririemacao.com\/1\/wp-json\/wp\/v2\/media?parent=73971"}],"wp:term":[{"taxonomy":"category","embeddable":true,"href":"https:\/\/www.caririemacao.com\/1\/wp-json\/wp\/v2\/categories?post=73971"},{"taxonomy":"post_tag","embeddable":true,"href":"https:\/\/www.caririemacao.com\/1\/wp-json\/wp\/v2\/tags?post=73971"}],"curies":[{"name":"wp","href":"https:\/\/api.w.org\/{rel}","templated":true}]}}