{"id":73980,"date":"2018-11-22T17:34:54","date_gmt":"2018-11-22T20:34:54","guid":{"rendered":"http:\/\/www.caririemacao.com\/1\/?p=73980"},"modified":"2018-11-22T17:34:54","modified_gmt":"2018-11-22T20:34:54","slug":"policia-civil-prende-empresario-paraibano-suspeito-de-financiar-esquema-de-roubo-de-cargas-e-veiculos","status":"publish","type":"post","link":"https:\/\/www.caririemacao.com\/1\/2018\/11\/22\/policia-civil-prende-empresario-paraibano-suspeito-de-financiar-esquema-de-roubo-de-cargas-e-veiculos\/","title":{"rendered":"Pol\u00edcia Civil prende empres\u00e1rio paraibano suspeito de financiar esquema de roubo de cargas e ve\u00edculos"},"content":{"rendered":"<p>A Pol\u00edcia Civil da Para\u00edba prendeu, nesta quinta-feira (22), empres\u00e1rio paraibano suspeito de integrar e financiar quadrilha especializada no roubo de cargas e ve\u00edculos. A identidade dele n\u00e3o foi revelada. Outras quatro pessoas foram presas e 07 mandados de busca e apreens\u00e3o foram cumpridos.<\/p>\n<p>As pris\u00f5es de hoje fazem parte da segunda fase da opera\u00e7\u00e3o \u201cCarga Segura\u201d. A primeira fase foi deflagrada na segunda-feira (19), pela Delegacia de\u00a0Roubos e Furtos de Ve\u00edculos e Cargas da capital (DRFCV), chefiada pelo delegado Lucas S\u00e1. Investiga\u00e7\u00f5es identificaram pelo menos 67 roubos de carros e cargas praticados pela quadrilha nos \u00faltimos 02 anos.<\/p>\n<p>Detalhes da segunda fase devem ser revelados em coletiva \u00e0 imprensa, que ser\u00e1 realizada amanh\u00e3 pela Pol\u00edcia Civil.<\/p>\n<p><strong>Carga Segura<\/strong><\/p>\n<p>A opera\u00e7\u00e3o \u201cCarga Segura\u201d foi deflagrada nesta segunda-feira (19), pela Delegacia de\u00a0Roubos e Furtos de Ve\u00edculos e Cargas da capital, chefiada pelo delegado Luc\u00e1s S\u00e1, com a pris\u00e3o em flagrante\u00a0 Na ter\u00e7a-feira (20), a Justi\u00e7a decidiu transformar em pris\u00e3o preventiva a a pris\u00e3o em flagrante de dez suspeitos envolvidos no esquema.<\/p>\n<p>Na primeira fase, foram apreendidos um caminh\u00e3o e seis carros no valor de R$ 300 mil, al\u00e9m da apreens\u00e3o de dois coletes bal\u00edsticos roubados de uma empresa de seguran\u00e7a. Tamb\u00e9m foram apreendidos uma pistola calibre 380, dois rev\u00f3lveres de calibre 38, um punhal, 37 muni\u00e7\u00f5es de espingarda, al\u00e9m de roupas e outros objetos utilizados no crime.<\/p>\n<p>A Pol\u00edcia Civil calcula que o preju\u00edzo estimado, causado pela quadrilha, supera o valor de R$ 5 milh\u00f5es.<\/p>\n<p>&nbsp;<\/p>\n<p>Polemica Para\u00edba<\/p>\n","protected":false},"excerpt":{"rendered":"<p>A Pol\u00edcia Civil da Para\u00edba prendeu, nesta quinta-feira (22), empres\u00e1rio paraibano suspeito de integrar e financiar quadrilha especializada no roubo de cargas e ve\u00edculos. A&hellip; <\/p>\n","protected":false},"author":1,"featured_media":73981,"comment_status":"closed","ping_status":"closed","sticky":false,"template":"","format":"standard","meta":{"sfsi_plus_gutenberg_text_before_share":"","sfsi_plus_gutenberg_show_text_before_share":"","sfsi_plus_gutenberg_icon_type":"","sfsi_plus_gutenberg_icon_alignemt":"","sfsi_plus_gutenburg_max_per_row":"","footnotes":""},"categories":[12],"tags":[],"class_list":["post-73980","post","type-post","status-publish","format-standard","has-post-thumbnail","hentry","category-policia"],"_links":{"self":[{"href":"https:\/\/www.caririemacao.com\/1\/wp-json\/wp\/v2\/posts\/73980","targetHints":{"allow":["GET"]}}],"collection":[{"href":"https:\/\/www.caririemacao.com\/1\/wp-json\/wp\/v2\/posts"}],"about":[{"href":"https:\/\/www.caririemacao.com\/1\/wp-json\/wp\/v2\/types\/post"}],"author":[{"embeddable":true,"href":"https:\/\/www.caririemacao.com\/1\/wp-json\/wp\/v2\/users\/1"}],"replies":[{"embeddable":true,"href":"https:\/\/www.caririemacao.com\/1\/wp-json\/wp\/v2\/comments?post=73980"}],"version-history":[{"count":1,"href":"https:\/\/www.caririemacao.com\/1\/wp-json\/wp\/v2\/posts\/73980\/revisions"}],"predecessor-version":[{"id":73982,"href":"https:\/\/www.caririemacao.com\/1\/wp-json\/wp\/v2\/posts\/73980\/revisions\/73982"}],"wp:featuredmedia":[{"embeddable":true,"href":"https:\/\/www.caririemacao.com\/1\/wp-json\/wp\/v2\/media\/73981"}],"wp:attachment":[{"href":"https:\/\/www.caririemacao.com\/1\/wp-json\/wp\/v2\/media?parent=73980"}],"wp:term":[{"taxonomy":"category","embeddable":true,"href":"https:\/\/www.caririemacao.com\/1\/wp-json\/wp\/v2\/categories?post=73980"},{"taxonomy":"post_tag","embeddable":true,"href":"https:\/\/www.caririemacao.com\/1\/wp-json\/wp\/v2\/tags?post=73980"}],"curies":[{"name":"wp","href":"https:\/\/api.w.org\/{rel}","templated":true}]}}