{"id":73983,"date":"2018-11-22T17:52:46","date_gmt":"2018-11-22T20:52:46","guid":{"rendered":"http:\/\/www.caririemacao.com\/1\/?p=73983"},"modified":"2018-11-22T17:52:46","modified_gmt":"2018-11-22T20:52:46","slug":"paraiba-tera-plantao-para-coibir-abuso-contra-consumidor-na-black-friday","status":"publish","type":"post","link":"https:\/\/www.caririemacao.com\/1\/2018\/11\/22\/paraiba-tera-plantao-para-coibir-abuso-contra-consumidor-na-black-friday\/","title":{"rendered":"Para\u00edba ter\u00e1 plant\u00e3o para coibir abuso contra consumidor na \u201cBlack Friday\u201d"},"content":{"rendered":"<p>\u00d3rg\u00e3os de defesa do consumidor far\u00e3o plant\u00e3o nesta sexta-feira (22) para coibir abusos no com\u00e9rcio na Black Friday. A superintendente do Procon da Para\u00edba, K\u00e9ssia Liliana, orienta os consumidores a guardaram panfletos com ofertas divulgadas antes da promo\u00e7\u00e3o de amanh\u00e3.<\/p>\n<p>A equipe passar\u00e1 toda a sexta fiscalizando o com\u00e9rcio, supermercados e magazines. \u201cSe houver algum produto que seja divulgado um percentual de desconto, mas que n\u00e3o condiz com a verdade, o consumidor pode acionar o Procon\u201d, explicou.<\/p>\n<p>Segundo ela, as redes sociais e o site do Procon podem ser utilizados para que o paraibano denuncie falsas ofertas. O \u00f3rg\u00e3o acompanha v\u00e1rios sites para verificar a veracidade dos descontos e solicitou que as empresas participantes da Black Friday apresentem pre\u00e7os anteriores e os que ser\u00e3o praticados no dia da promo\u00e7\u00e3o.<\/p>\n<p>Em Campina Grande, o Procon vai realiza o Dia D contra abusos. A partir da meia noite,\u00a0fiscais do \u00f3rg\u00e3o ir\u00e3o percorrer v\u00e1rios pontos da cidade e acompanhar os consumidores que fazem plant\u00e3o nas lojas e shoppings esperando o in\u00edcio das vendas com as \u201csuper ofertas\u201d.<\/p>\n<p>A partir da\u00ed os fiscais seguem o dia todo visitando o com\u00e9rcio local. Enquanto isso o Procon estar\u00e1 com uma tenda de servi\u00e7os na Pra\u00e7a da Bandeira, Centro, das 8h \u00e0s 17h, para tirar d\u00favidas e receber den\u00fancias dos consumidores.<\/p>\n<p>Segundo Rivaldo Rodrigues, coordenador executivo do \u00f3rg\u00e3o, a expectativa \u00e9 a de que a 8\u00aa edi\u00e7\u00e3o da Black Friday no Brasil aconte\u00e7a de forma tranquila em Campina Grande. \u201cApesar de j\u00e1 termos autuado 9 lojas s\u00f3 nesta semana, no com\u00e9rcio local, esperamos que ao final da Opera\u00e7\u00e3o o n\u00famero seja inferior ao do ano passado. Na Black Friday de 2017 chegamos a autuar 47 empresas f\u00edsicas e tivemos mais de 68 reclama\u00e7\u00f5es de empresas virtuais. A grande maioria das queixas foram relacionadas a propaganda enganosa, falta de informa\u00e7\u00e3o de pre\u00e7os e descontos nos produtos, venda de produtos vencidos ou impr\u00f3prios para consumo e cobran\u00e7a de taxa para entrega e montagem de m\u00f3veis, eletrodom\u00e9sticos e equipamentos de inform\u00e1tica. Em Campina a Lei Municipal 5.508\/2014 impede as lojas de fazerem essa cobran\u00e7a\u201d, explica.<\/p>\n<p><strong>MaisPB<\/strong><\/p>\n","protected":false},"excerpt":{"rendered":"<p>\u00d3rg\u00e3os de defesa do consumidor far\u00e3o plant\u00e3o nesta sexta-feira (22) para coibir abusos no com\u00e9rcio na Black Friday. A superintendente do Procon da Para\u00edba, K\u00e9ssia&hellip; <\/p>\n","protected":false},"author":1,"featured_media":38720,"comment_status":"closed","ping_status":"closed","sticky":false,"template":"","format":"standard","meta":{"sfsi_plus_gutenberg_text_before_share":"","sfsi_plus_gutenberg_show_text_before_share":"","sfsi_plus_gutenberg_icon_type":"","sfsi_plus_gutenberg_icon_alignemt":"","sfsi_plus_gutenburg_max_per_row":"","footnotes":""},"categories":[50,2],"tags":[],"class_list":["post-73983","post","type-post","status-publish","format-standard","has-post-thumbnail","hentry","category-destaque","category-geral"],"_links":{"self":[{"href":"https:\/\/www.caririemacao.com\/1\/wp-json\/wp\/v2\/posts\/73983","targetHints":{"allow":["GET"]}}],"collection":[{"href":"https:\/\/www.caririemacao.com\/1\/wp-json\/wp\/v2\/posts"}],"about":[{"href":"https:\/\/www.caririemacao.com\/1\/wp-json\/wp\/v2\/types\/post"}],"author":[{"embeddable":true,"href":"https:\/\/www.caririemacao.com\/1\/wp-json\/wp\/v2\/users\/1"}],"replies":[{"embeddable":true,"href":"https:\/\/www.caririemacao.com\/1\/wp-json\/wp\/v2\/comments?post=73983"}],"version-history":[{"count":1,"href":"https:\/\/www.caririemacao.com\/1\/wp-json\/wp\/v2\/posts\/73983\/revisions"}],"predecessor-version":[{"id":73989,"href":"https:\/\/www.caririemacao.com\/1\/wp-json\/wp\/v2\/posts\/73983\/revisions\/73989"}],"wp:featuredmedia":[{"embeddable":true,"href":"https:\/\/www.caririemacao.com\/1\/wp-json\/wp\/v2\/media\/38720"}],"wp:attachment":[{"href":"https:\/\/www.caririemacao.com\/1\/wp-json\/wp\/v2\/media?parent=73983"}],"wp:term":[{"taxonomy":"category","embeddable":true,"href":"https:\/\/www.caririemacao.com\/1\/wp-json\/wp\/v2\/categories?post=73983"},{"taxonomy":"post_tag","embeddable":true,"href":"https:\/\/www.caririemacao.com\/1\/wp-json\/wp\/v2\/tags?post=73983"}],"curies":[{"name":"wp","href":"https:\/\/api.w.org\/{rel}","templated":true}]}}