{"id":73997,"date":"2018-11-22T22:21:06","date_gmt":"2018-11-23T01:21:06","guid":{"rendered":"http:\/\/www.caririemacao.com\/1\/?p=73997"},"modified":"2018-11-22T22:21:06","modified_gmt":"2018-11-23T01:21:06","slug":"em-primeira-visita-a-sede-da-cnm-prefeito-paraibano-relata-desafios-da-gestao","status":"publish","type":"post","link":"https:\/\/www.caririemacao.com\/1\/2018\/11\/22\/em-primeira-visita-a-sede-da-cnm-prefeito-paraibano-relata-desafios-da-gestao\/","title":{"rendered":"Em primeira visita \u00e0 sede da CNM, prefeito paraibano relata desafios da gest\u00e3o"},"content":{"rendered":"<div>A situa\u00e7\u00e3o est\u00e1 longe do que a gente deseja, mas, a duras penas, estamos conseguindo avan\u00e7ar\u201d. A afirma\u00e7\u00e3o foi feita pelo prefeito do Munic\u00edpio de Prata, na Para\u00edba, J\u00fanior N\u00f3brega, \u00e0 Ag\u00eancia CNM de Not\u00edcias. Ele conheceu a sede da Confedera\u00e7\u00e3o Nacional de Munic\u00edpios (CNM) na manh\u00e3 desta quinta-feira, 22 de novembro, e falou sobre os desafios da gest\u00e3o local.<\/div>\n<div><\/div>\n<div>Entre as dificuldades, N\u00f3brega \u2013 que est\u00e1 em seu segundo mandato como gestor do pequeno Munic\u00edpio paraibano \u2013 apontou o pagamento dos professores. Ele relatou que o pagamento do piso do magist\u00e9rio consome 100% dos recursos provenientes do Fundo de Manuten\u00e7\u00e3o e Desenvolvimento da Educa\u00e7\u00e3o B\u00e1sica e de Valoriza\u00e7\u00e3o dos Profissionais da Educa\u00e7\u00e3o (Fundeb) e ainda consome um peda\u00e7o do Fundo de Participa\u00e7\u00e3o dos Munic\u00edpios (FPM).<\/p>\n<\/div>\n<div>\u201cN\u00f3s valorizamos muito essa categoria. Acredito que os professores precisam receber ainda mais do que recebem, pela import\u00e2ncia desses profissionais. Mas, para n\u00f3s, \u00e9 muito dif\u00edcil arcar com esse pagamento. Gastamos, al\u00e9m do Fundeb, cerca de R$ 1 milh\u00e3o do nosso FPM. Representa um m\u00eas e meio do nosso Fundo\u201d, disse.<\/div>\n<div><\/div>\n<div>Outro problema se refere \u00e0 estimativa populacional feita pelo Instituto Brasileiro de Geografia e Estat\u00edstica (IBGE), que aponta uma popula\u00e7\u00e3o de 4,8 mil habitantes. \u201cEu tenho certeza que \u00e9 muito maior do que isso. Podemos garantir que nossa popula\u00e7\u00e3o chega a 6,5 mil habitantes. Perdemos muito com isso, pois recebemos recursos para aquela popula\u00e7\u00e3o\u201d, lamentou.<\/div>\n<div><\/div>\n<div>N\u00f3brega tamb\u00e9m conta que, em 2013, ano em que assumiu o primeiro mandato, ele se assustou quando viu as dificuldades enfrentadas no fim do ano para cumprir o repasse do 13\u00ba sal\u00e1rio, juntamente com outras despesas, como pagamento de fornecedores. Diante disso, ele resolver mobilizar a C\u00e2mara de Vereadores e aprovar, em 2014, uma lei para permitir o pagamento do benef\u00edcio no m\u00eas de anivers\u00e1rio do servidor.<\/div>\n<div><\/div>\n<div>Ao ser perguntado sobre a aceita\u00e7\u00e3o da iniciativa, o prefeito disse que o resultado obtido poderia responder. \u201cEssa medida passou a valer e, em 2015, deixamos a possibilidade aberta para os servidores escolherem a forma que desejavam, se ao final do ano ou no m\u00eas do anivers\u00e1rio. Cem por cento escolheu essa segunda op\u00e7\u00e3o. E isso traz menos peso para a gente, j\u00e1 que o pagamento acaba sendo dilu\u00eddo no decorrer do ano\u201d, explicou.<\/div>\n<div><\/div>\n<div><\/div>\n<div><b>Marcha<\/b><\/div>\n<div><\/div>\n<div>Apesar de ser a primeira vez em que o prefeito esteve na sede da CNM, N\u00f3brega destacou que participa da Marcha a Bras\u00edlia em Defesa dos Munic\u00edpios desde que assumiu a gest\u00e3o. \u201cAcredito no trabalho que a CNM faz. A Confedera\u00e7\u00e3o \u00e9 uma entidade que nos possibilita juntar for\u00e7as\u201d, disse.<\/div>\n<div><\/div>\n<div>Em 2019, o evento ocorre entre os dias 8 e 11 de abril, no Centro Internacional de Conven\u00e7\u00f5es de Bras\u00edlia (CICB). N\u00f3brega garantiu que mais uma vez estar\u00e1 presente. As inscri\u00e7\u00f5es j\u00e1 est\u00e3o abertas e podem ser feitas aqui.<\/div>\n<div><\/div>\n<div>Portal Cariri Paraibano<\/div>\n","protected":false},"excerpt":{"rendered":"<p>A situa\u00e7\u00e3o est\u00e1 longe do que a gente deseja, mas, a duras penas, estamos conseguindo avan\u00e7ar\u201d. A afirma\u00e7\u00e3o foi feita pelo prefeito do Munic\u00edpio de&hellip; <\/p>\n","protected":false},"author":1,"featured_media":14424,"comment_status":"closed","ping_status":"closed","sticky":false,"template":"","format":"standard","meta":{"sfsi_plus_gutenberg_text_before_share":"","sfsi_plus_gutenberg_show_text_before_share":"","sfsi_plus_gutenberg_icon_type":"","sfsi_plus_gutenberg_icon_alignemt":"","sfsi_plus_gutenburg_max_per_row":"","footnotes":""},"categories":[6],"tags":[],"class_list":["post-73997","post","type-post","status-publish","format-standard","has-post-thumbnail","hentry","category-cidades"],"_links":{"self":[{"href":"https:\/\/www.caririemacao.com\/1\/wp-json\/wp\/v2\/posts\/73997","targetHints":{"allow":["GET"]}}],"collection":[{"href":"https:\/\/www.caririemacao.com\/1\/wp-json\/wp\/v2\/posts"}],"about":[{"href":"https:\/\/www.caririemacao.com\/1\/wp-json\/wp\/v2\/types\/post"}],"author":[{"embeddable":true,"href":"https:\/\/www.caririemacao.com\/1\/wp-json\/wp\/v2\/users\/1"}],"replies":[{"embeddable":true,"href":"https:\/\/www.caririemacao.com\/1\/wp-json\/wp\/v2\/comments?post=73997"}],"version-history":[{"count":1,"href":"https:\/\/www.caririemacao.com\/1\/wp-json\/wp\/v2\/posts\/73997\/revisions"}],"predecessor-version":[{"id":73998,"href":"https:\/\/www.caririemacao.com\/1\/wp-json\/wp\/v2\/posts\/73997\/revisions\/73998"}],"wp:featuredmedia":[{"embeddable":true,"href":"https:\/\/www.caririemacao.com\/1\/wp-json\/wp\/v2\/media\/14424"}],"wp:attachment":[{"href":"https:\/\/www.caririemacao.com\/1\/wp-json\/wp\/v2\/media?parent=73997"}],"wp:term":[{"taxonomy":"category","embeddable":true,"href":"https:\/\/www.caririemacao.com\/1\/wp-json\/wp\/v2\/categories?post=73997"},{"taxonomy":"post_tag","embeddable":true,"href":"https:\/\/www.caririemacao.com\/1\/wp-json\/wp\/v2\/tags?post=73997"}],"curies":[{"name":"wp","href":"https:\/\/api.w.org\/{rel}","templated":true}]}}