{"id":73999,"date":"2018-11-22T22:32:00","date_gmt":"2018-11-23T01:32:00","guid":{"rendered":"http:\/\/www.caririemacao.com\/1\/?p=73999"},"modified":"2018-11-22T22:32:00","modified_gmt":"2018-11-23T01:32:00","slug":"bolsonaro-anuncia-filosofo-colombiano-como-ministro-da-educacao","status":"publish","type":"post","link":"https:\/\/www.caririemacao.com\/1\/2018\/11\/22\/bolsonaro-anuncia-filosofo-colombiano-como-ministro-da-educacao\/","title":{"rendered":"Bolsonaro anuncia fil\u00f3sofo colombiano como ministro da Educa\u00e7\u00e3o"},"content":{"rendered":"<p>O presidente eleito, Jair Bolsonaro, escolheu o colombiano Ricardo V\u00e9lez Rodriguez para o Minist\u00e9rio da Educa\u00e7\u00e3o. O an\u00fancio foi feito por ele pelas redes sociais.<\/p>\n<p>\u201cGostaria de comunicar a todos a indica\u00e7\u00e3o de Ricardo Velez Rodriguez, Fil\u00f3sofo autor de mais de 30 obras, atualmente Professor Em\u00e9rito da Escola de Comando e estado Maior do Ex\u00e9rcito, para o cargo de Ministro da Educa\u00e7\u00e3o\u201d, disse Bolsonaro.<\/p>\n<p>\u201cVelez \u00e9 Professor de Filosofia, Mestre em Pensamento Brasileiro pela Pontif\u00edcia Universidade Cat\u00f3lica RJ, Doutor em Pensamento Luso-Brasileiro pela Universidade Gama Filho, P\u00f3s-Doutor pelo Centro de Pesquisas Pol\u00edticas Raymond Aron, Paris, com ampla experi\u00eancia docente e gestora\u201d, afirmou o presidente eleito.<\/p>\n<p>Rodriguez foi chamado \u00e0s pressas de Juiz de Fora (MG) para conversar com Bolsonaro nesta quarta-feira (21) ap\u00f3s rea\u00e7\u00e3o de evang\u00e9licos ao vazamento, na quarta (21), de que Mozart Ramos, diretor do Instituto Ayrton Senna, havia aceito convite de Bolsonaro.<\/p>\n<p>Durante o dia, Bolsonaro afirmou que o procurador Guilherme Schelb era um dos cotados para a vaga. Eles chegaram a se reunir na Granja do Torto nesta quinta, criando expectativa de que seria anunciado.<\/p>\n<p>Indicado como ministro da Educa\u00e7\u00e3o, Rodriguez \u00e9 formado em filosofia pela Universidade Pontif\u00edcia Javeriana e em teologia pelo Semin\u00e1rio Conciliar de Bogot\u00e1. Hoje \u00e9 professor associado da Universidade Federal de Juiz de Fora (MG).<\/p>\n<p>&nbsp;<\/p>\n<p>Folha Press<\/p>\n","protected":false},"excerpt":{"rendered":"<p>O presidente eleito, Jair Bolsonaro, escolheu o colombiano Ricardo V\u00e9lez Rodriguez para o Minist\u00e9rio da Educa\u00e7\u00e3o. O an\u00fancio foi feito por ele pelas redes sociais.&hellip; <\/p>\n","protected":false},"author":1,"featured_media":71766,"comment_status":"closed","ping_status":"closed","sticky":false,"template":"","format":"standard","meta":{"sfsi_plus_gutenberg_text_before_share":"","sfsi_plus_gutenberg_show_text_before_share":"","sfsi_plus_gutenberg_icon_type":"","sfsi_plus_gutenberg_icon_alignemt":"","sfsi_plus_gutenburg_max_per_row":"","footnotes":""},"categories":[11],"tags":[],"class_list":["post-73999","post","type-post","status-publish","format-standard","has-post-thumbnail","hentry","category-politica"],"_links":{"self":[{"href":"https:\/\/www.caririemacao.com\/1\/wp-json\/wp\/v2\/posts\/73999","targetHints":{"allow":["GET"]}}],"collection":[{"href":"https:\/\/www.caririemacao.com\/1\/wp-json\/wp\/v2\/posts"}],"about":[{"href":"https:\/\/www.caririemacao.com\/1\/wp-json\/wp\/v2\/types\/post"}],"author":[{"embeddable":true,"href":"https:\/\/www.caririemacao.com\/1\/wp-json\/wp\/v2\/users\/1"}],"replies":[{"embeddable":true,"href":"https:\/\/www.caririemacao.com\/1\/wp-json\/wp\/v2\/comments?post=73999"}],"version-history":[{"count":1,"href":"https:\/\/www.caririemacao.com\/1\/wp-json\/wp\/v2\/posts\/73999\/revisions"}],"predecessor-version":[{"id":74000,"href":"https:\/\/www.caririemacao.com\/1\/wp-json\/wp\/v2\/posts\/73999\/revisions\/74000"}],"wp:featuredmedia":[{"embeddable":true,"href":"https:\/\/www.caririemacao.com\/1\/wp-json\/wp\/v2\/media\/71766"}],"wp:attachment":[{"href":"https:\/\/www.caririemacao.com\/1\/wp-json\/wp\/v2\/media?parent=73999"}],"wp:term":[{"taxonomy":"category","embeddable":true,"href":"https:\/\/www.caririemacao.com\/1\/wp-json\/wp\/v2\/categories?post=73999"},{"taxonomy":"post_tag","embeddable":true,"href":"https:\/\/www.caririemacao.com\/1\/wp-json\/wp\/v2\/tags?post=73999"}],"curies":[{"name":"wp","href":"https:\/\/api.w.org\/{rel}","templated":true}]}}