{"id":74006,"date":"2018-11-23T06:08:59","date_gmt":"2018-11-23T09:08:59","guid":{"rendered":"http:\/\/www.caririemacao.com\/1\/?p=74006"},"modified":"2018-11-23T06:08:59","modified_gmt":"2018-11-23T09:08:59","slug":"em-nota-prefeito-de-zabele-esclarece-polemica-sobre-contratacao-de-onibus","status":"publish","type":"post","link":"https:\/\/www.caririemacao.com\/1\/2018\/11\/23\/em-nota-prefeito-de-zabele-esclarece-polemica-sobre-contratacao-de-onibus\/","title":{"rendered":"Em nota, prefeito de Zabel\u00ea esclarece pol\u00eamica sobre contrata\u00e7\u00e3o de \u00f4nibus"},"content":{"rendered":"<p>O prefeito da cidade de Zabel\u00ea, no Cariri, Dalyson Neves, emitiu uma nota, nesta quinta-feira (22) esclarecendo \u00e0 pol\u00eamica envolvendo a contrata\u00e7\u00e3o de um \u00f4nibus com 25 anos de uso, que presta servi\u00e7os a prefeitura.<\/p>\n<p><strong>Veja a nota:<\/strong><\/p>\n<p>A Prefeitura Municipal de zabel\u00ea vem a p\u00fablico esclarecer que todo processo de licita\u00e7\u00e3o do referido ve\u00edculo est\u00e1 dentro do que rege a legisla\u00e7\u00e3o assim como atende ao especificado no preg\u00e3o 03\/ 2017 que regeu todo certame.<\/p>\n<p>Quanto \u00e0s condi\u00e7\u00f5es do ve\u00edculo estas s\u00e3o de responsabilidade da empresa que ganhou o processo, em tempo, informamos tamb\u00e9m que o mesmo encontra-se rodando normalmente e atendendo as demandas locais dos mun\u00edcipes. No entanto, a assessoria jur\u00eddica do Gabinete do Prefeito Dalyson Neves j\u00e1 emitiu notifica\u00e7\u00e3o \u00e0 empresa Sebasti\u00e3o Silvino dos Santos-ME CNPJ 17.267.333\/0001-84 para que sejam tomadas as devidas provid\u00eancias no sentido de substitui\u00e7\u00e3o do ve\u00edculo.<\/p>\n<p>Com Blog do Bruno Lira<\/p>\n","protected":false},"excerpt":{"rendered":"<p>O prefeito da cidade de Zabel\u00ea, no Cariri, Dalyson Neves, emitiu uma nota, nesta quinta-feira (22) esclarecendo \u00e0 pol\u00eamica envolvendo a contrata\u00e7\u00e3o de um \u00f4nibus&hellip; <\/p>\n","protected":false},"author":1,"featured_media":73895,"comment_status":"closed","ping_status":"closed","sticky":false,"template":"","format":"standard","meta":{"sfsi_plus_gutenberg_text_before_share":"","sfsi_plus_gutenberg_show_text_before_share":"","sfsi_plus_gutenberg_icon_type":"","sfsi_plus_gutenberg_icon_alignemt":"","sfsi_plus_gutenburg_max_per_row":"","footnotes":""},"categories":[2],"tags":[],"class_list":["post-74006","post","type-post","status-publish","format-standard","has-post-thumbnail","hentry","category-geral"],"_links":{"self":[{"href":"https:\/\/www.caririemacao.com\/1\/wp-json\/wp\/v2\/posts\/74006","targetHints":{"allow":["GET"]}}],"collection":[{"href":"https:\/\/www.caririemacao.com\/1\/wp-json\/wp\/v2\/posts"}],"about":[{"href":"https:\/\/www.caririemacao.com\/1\/wp-json\/wp\/v2\/types\/post"}],"author":[{"embeddable":true,"href":"https:\/\/www.caririemacao.com\/1\/wp-json\/wp\/v2\/users\/1"}],"replies":[{"embeddable":true,"href":"https:\/\/www.caririemacao.com\/1\/wp-json\/wp\/v2\/comments?post=74006"}],"version-history":[{"count":1,"href":"https:\/\/www.caririemacao.com\/1\/wp-json\/wp\/v2\/posts\/74006\/revisions"}],"predecessor-version":[{"id":74007,"href":"https:\/\/www.caririemacao.com\/1\/wp-json\/wp\/v2\/posts\/74006\/revisions\/74007"}],"wp:featuredmedia":[{"embeddable":true,"href":"https:\/\/www.caririemacao.com\/1\/wp-json\/wp\/v2\/media\/73895"}],"wp:attachment":[{"href":"https:\/\/www.caririemacao.com\/1\/wp-json\/wp\/v2\/media?parent=74006"}],"wp:term":[{"taxonomy":"category","embeddable":true,"href":"https:\/\/www.caririemacao.com\/1\/wp-json\/wp\/v2\/categories?post=74006"},{"taxonomy":"post_tag","embeddable":true,"href":"https:\/\/www.caririemacao.com\/1\/wp-json\/wp\/v2\/tags?post=74006"}],"curies":[{"name":"wp","href":"https:\/\/api.w.org\/{rel}","templated":true}]}}