{"id":74019,"date":"2018-11-23T06:00:08","date_gmt":"2018-11-23T09:00:08","guid":{"rendered":"http:\/\/www.caririemacao.com\/1\/?p=74019"},"modified":"2018-11-23T09:26:26","modified_gmt":"2018-11-23T12:26:26","slug":"idoso-suspeito-de-estuprar-menina-desde-os-4-anos-acaba-preso-na-paraiba","status":"publish","type":"post","link":"https:\/\/www.caririemacao.com\/1\/2018\/11\/23\/idoso-suspeito-de-estuprar-menina-desde-os-4-anos-acaba-preso-na-paraiba\/","title":{"rendered":"Idoso suspeito de estuprar menina desde os 4 anos, acaba preso na Para\u00edba"},"content":{"rendered":"<p>Um idoso de 77 anos foi preso na noite de ter\u00e7a-feira (20), por meio de um mandado de pris\u00e3o preventiva, suspeito de estuprar uma adolescente de 13 anos, em Juazeirinho, na regi\u00e3o de Campina Grande.<\/p>\n<p>A v\u00edtima teria sido violentada pelo homem desde os 4 anos de idade.<\/p>\n<p>Segundo a Pol\u00edcia Civil, o homem tinha a confian\u00e7a da fam\u00edlia. Mas os pais da adolescente contaram que haviam percebido que ela evitava ir para lugares em que ele estivesse.<\/p>\n<p>A adolescente s\u00f3 conseguiu denunciar o caso aos 12 anos. O \u00faltimo estupro aconteceu em maio deste ano quando ela tinha 12 anos. Na ocasi\u00e3o, a v\u00edtima tentou reagir e foi amea\u00e7ada pelo suspeito. O crime acontecia na casa dele.<\/p>\n<p>O crime foi comprovado atrav\u00e9s de um laudo psicol\u00f3gico e pelo testemunho de professores e colegas da escola onde estudava. Ainda de acordo com a pol\u00edcia, a \u00fanica pessoa para quem ela contou sobre a viol\u00eancia foi a um psic\u00f3logo que a acompanhava depois que ela apresentou mudan\u00e7as no comportamento.<\/p>\n<p>O idoso foi conduzido para a Cadeia P\u00fablica de Juazeirinho e est\u00e1 \u00e0 disposi\u00e7\u00e3o da justi\u00e7a. Um juiz deve analisar o caso dele at\u00e9 a quinta-feira (22).<\/p>\n<p>Pol\u00eamica Para\u00edba<\/p>\n","protected":false},"excerpt":{"rendered":"<p>Um idoso de 77 anos foi preso na noite de ter\u00e7a-feira (20), por meio de um mandado de pris\u00e3o preventiva, suspeito de estuprar uma adolescente&hellip; <\/p>\n","protected":false},"author":1,"featured_media":74020,"comment_status":"closed","ping_status":"closed","sticky":false,"template":"","format":"standard","meta":{"sfsi_plus_gutenberg_text_before_share":"","sfsi_plus_gutenberg_show_text_before_share":"","sfsi_plus_gutenberg_icon_type":"","sfsi_plus_gutenberg_icon_alignemt":"","sfsi_plus_gutenburg_max_per_row":"","footnotes":""},"categories":[12],"tags":[],"class_list":["post-74019","post","type-post","status-publish","format-standard","has-post-thumbnail","hentry","category-policia"],"_links":{"self":[{"href":"https:\/\/www.caririemacao.com\/1\/wp-json\/wp\/v2\/posts\/74019","targetHints":{"allow":["GET"]}}],"collection":[{"href":"https:\/\/www.caririemacao.com\/1\/wp-json\/wp\/v2\/posts"}],"about":[{"href":"https:\/\/www.caririemacao.com\/1\/wp-json\/wp\/v2\/types\/post"}],"author":[{"embeddable":true,"href":"https:\/\/www.caririemacao.com\/1\/wp-json\/wp\/v2\/users\/1"}],"replies":[{"embeddable":true,"href":"https:\/\/www.caririemacao.com\/1\/wp-json\/wp\/v2\/comments?post=74019"}],"version-history":[{"count":1,"href":"https:\/\/www.caririemacao.com\/1\/wp-json\/wp\/v2\/posts\/74019\/revisions"}],"predecessor-version":[{"id":74021,"href":"https:\/\/www.caririemacao.com\/1\/wp-json\/wp\/v2\/posts\/74019\/revisions\/74021"}],"wp:featuredmedia":[{"embeddable":true,"href":"https:\/\/www.caririemacao.com\/1\/wp-json\/wp\/v2\/media\/74020"}],"wp:attachment":[{"href":"https:\/\/www.caririemacao.com\/1\/wp-json\/wp\/v2\/media?parent=74019"}],"wp:term":[{"taxonomy":"category","embeddable":true,"href":"https:\/\/www.caririemacao.com\/1\/wp-json\/wp\/v2\/categories?post=74019"},{"taxonomy":"post_tag","embeddable":true,"href":"https:\/\/www.caririemacao.com\/1\/wp-json\/wp\/v2\/tags?post=74019"}],"curies":[{"name":"wp","href":"https:\/\/api.w.org\/{rel}","templated":true}]}}