{"id":74023,"date":"2018-11-23T06:52:29","date_gmt":"2018-11-23T09:52:29","guid":{"rendered":"http:\/\/www.caririemacao.com\/1\/?p=74023"},"modified":"2018-11-23T06:52:29","modified_gmt":"2018-11-23T09:52:29","slug":"haddad-vai-iniciar-viagens-internacionais-para-denunciar-prisao-politica-de-lula","status":"publish","type":"post","link":"https:\/\/www.caririemacao.com\/1\/2018\/11\/23\/haddad-vai-iniciar-viagens-internacionais-para-denunciar-prisao-politica-de-lula\/","title":{"rendered":"Haddad vai iniciar viagens internacionais para denunciar pris\u00e3o pol\u00edtica de Lula"},"content":{"rendered":"<p>O PT\u00a0vai iniciar articula\u00e7\u00f5es internacionais para denunciar a pris\u00e3o arbitr\u00e1ria de Lula\u00a0e se unir a um esfor\u00e7o para barrar o avan\u00e7o da direita no Brasil e em outros pa\u00edses. O an\u00fancio foi feito pela presidenta do partido, senadora Gleisi Hoffmann, durante visita \u00e0 Vig\u00edlia Lula Livre, juntamente com\u00a0Fernando Haddad.<\/p>\n<p>\u201cTemos que fazer a resist\u00eancia interna e externamente. Haddad vai come\u00e7ar agora uma grande caminhada externa, conversando com atores da pol\u00edtica internacional, para a gente dizer ao mundo o que est\u00e1 acontecendo no Brasil e refor\u00e7ar a campanha Lula Livre\u201d, disse Gleisi que, assim como Haddad, visitou o ex-presidente nesta quinta-feira (22).<\/p>\n<p>A presidenta do PT reafirmou a import\u00e2ncia de manter a resist\u00eancia para fazer frente ao governo que tomar\u00e1 posse dia primeiro de janeiro. \u201cEles n\u00e3o v\u00e3o ter o que dizer para as pessoas, que v\u00e3o continuar passando dificuldades. Quem vai ter o que dizer somos n\u00f3s, que j\u00e1 fizemos. \u00c9 o presidente Lula, que j\u00e1 criou e implantou pol\u00edticas para a maioria do povo brasileiro\u201d, disse.<\/p>\n<p>Haddad tem papel fundamental nesse novo momento, que \u00e9 representar os mais de 47 milh\u00f5es de brasileiros que votaram nele para presidente da Rep\u00fablica, afirmou Gleisi. \u201cEsse n\u00famero s\u00f3 vai aumentar, pois logo vai come\u00e7ar a decep\u00e7\u00e3o com o novo governo\u201d, afirmou.<\/p>\n<p>O ex-candidato a Presidente da Rep\u00fablica pelo PT nas elei\u00e7\u00f5es desse ano assumiu a miss\u00e3o de articular uma Internacional Progressista \u201cpara frear o avan\u00e7o do obscurantismo que retira direitos conquistados em muitas jornadas de luta\u201d. Segundo Haddad, o momento exige muitas media\u00e7\u00f5es. \u201cA pol\u00edtica\u00a0\u00e9 isso: a arte de mediar para promover o desenvolvimento humano\u201d, finalizou.<\/p>\n","protected":false},"excerpt":{"rendered":"<p>O PT\u00a0vai iniciar articula\u00e7\u00f5es internacionais para denunciar a pris\u00e3o arbitr\u00e1ria de Lula\u00a0e se unir a um esfor\u00e7o para barrar o avan\u00e7o da direita no Brasil&hellip; <\/p>\n","protected":false},"author":1,"featured_media":74024,"comment_status":"closed","ping_status":"closed","sticky":false,"template":"","format":"standard","meta":{"sfsi_plus_gutenberg_text_before_share":"","sfsi_plus_gutenberg_show_text_before_share":"","sfsi_plus_gutenberg_icon_type":"","sfsi_plus_gutenberg_icon_alignemt":"","sfsi_plus_gutenburg_max_per_row":"","footnotes":""},"categories":[11],"tags":[],"class_list":["post-74023","post","type-post","status-publish","format-standard","has-post-thumbnail","hentry","category-politica"],"_links":{"self":[{"href":"https:\/\/www.caririemacao.com\/1\/wp-json\/wp\/v2\/posts\/74023","targetHints":{"allow":["GET"]}}],"collection":[{"href":"https:\/\/www.caririemacao.com\/1\/wp-json\/wp\/v2\/posts"}],"about":[{"href":"https:\/\/www.caririemacao.com\/1\/wp-json\/wp\/v2\/types\/post"}],"author":[{"embeddable":true,"href":"https:\/\/www.caririemacao.com\/1\/wp-json\/wp\/v2\/users\/1"}],"replies":[{"embeddable":true,"href":"https:\/\/www.caririemacao.com\/1\/wp-json\/wp\/v2\/comments?post=74023"}],"version-history":[{"count":1,"href":"https:\/\/www.caririemacao.com\/1\/wp-json\/wp\/v2\/posts\/74023\/revisions"}],"predecessor-version":[{"id":74025,"href":"https:\/\/www.caririemacao.com\/1\/wp-json\/wp\/v2\/posts\/74023\/revisions\/74025"}],"wp:featuredmedia":[{"embeddable":true,"href":"https:\/\/www.caririemacao.com\/1\/wp-json\/wp\/v2\/media\/74024"}],"wp:attachment":[{"href":"https:\/\/www.caririemacao.com\/1\/wp-json\/wp\/v2\/media?parent=74023"}],"wp:term":[{"taxonomy":"category","embeddable":true,"href":"https:\/\/www.caririemacao.com\/1\/wp-json\/wp\/v2\/categories?post=74023"},{"taxonomy":"post_tag","embeddable":true,"href":"https:\/\/www.caririemacao.com\/1\/wp-json\/wp\/v2\/tags?post=74023"}],"curies":[{"name":"wp","href":"https:\/\/api.w.org\/{rel}","templated":true}]}}