{"id":74026,"date":"2018-11-23T06:00:20","date_gmt":"2018-11-23T09:00:20","guid":{"rendered":"http:\/\/www.caririemacao.com\/1\/?p=74026"},"modified":"2018-11-23T09:23:24","modified_gmt":"2018-11-23T12:23:24","slug":"bando-invade-cidade-da-paraiba-e-explode-mais-um-caixa-eletronico-ja-sao-62-casos-este-ano","status":"publish","type":"post","link":"https:\/\/www.caririemacao.com\/1\/2018\/11\/23\/bando-invade-cidade-da-paraiba-e-explode-mais-um-caixa-eletronico-ja-sao-62-casos-este-ano\/","title":{"rendered":"Bando invade cidade da Para\u00edba e explode mais um caixa eletr\u00f4nico; j\u00e1 s\u00e3o 62 casos este ano"},"content":{"rendered":"<p>Moradores da cidade de Camala\u00fa, no Cariri Paraibano,\u00a0 tiveram uma madrugada de terror nesta sexta-feira (23) quando bandidos invadiram a cidade atirando. O alvo da quadrilha era explodir\u00a0 um caixa eletr\u00f4nico.<\/p>\n<p>Depois da a\u00e7\u00e3o, os homens fugiram e durante a fuga houve troca de tiros com os policiais militares, mas o bando conseguiu escapar.<\/p>\n<p>Segundo a pol\u00edcia,\u00a0 o impacto da explos\u00e3o foi t\u00e3o violento que afetou a estrutura f\u00edsica do pr\u00e9dio.<\/p>\n<p>De acordo com o Sindicato dos Banc\u00e1rios, esta e a\u00a0 62\u00ba explos\u00e3o registrada este ano na Para\u00edba.<\/p>\n<p>&nbsp;<\/p>\n<p>Para\u00edba.com.br<\/p>\n","protected":false},"excerpt":{"rendered":"<p>Moradores da cidade de Camala\u00fa, no Cariri Paraibano,\u00a0 tiveram uma madrugada de terror nesta sexta-feira (23) quando bandidos invadiram a cidade atirando. O alvo da&hellip; <\/p>\n","protected":false},"author":1,"featured_media":70963,"comment_status":"closed","ping_status":"closed","sticky":false,"template":"","format":"standard","meta":{"sfsi_plus_gutenberg_text_before_share":"","sfsi_plus_gutenberg_show_text_before_share":"","sfsi_plus_gutenberg_icon_type":"","sfsi_plus_gutenberg_icon_alignemt":"","sfsi_plus_gutenburg_max_per_row":"","footnotes":""},"categories":[12],"tags":[],"class_list":["post-74026","post","type-post","status-publish","format-standard","has-post-thumbnail","hentry","category-policia"],"_links":{"self":[{"href":"https:\/\/www.caririemacao.com\/1\/wp-json\/wp\/v2\/posts\/74026","targetHints":{"allow":["GET"]}}],"collection":[{"href":"https:\/\/www.caririemacao.com\/1\/wp-json\/wp\/v2\/posts"}],"about":[{"href":"https:\/\/www.caririemacao.com\/1\/wp-json\/wp\/v2\/types\/post"}],"author":[{"embeddable":true,"href":"https:\/\/www.caririemacao.com\/1\/wp-json\/wp\/v2\/users\/1"}],"replies":[{"embeddable":true,"href":"https:\/\/www.caririemacao.com\/1\/wp-json\/wp\/v2\/comments?post=74026"}],"version-history":[{"count":1,"href":"https:\/\/www.caririemacao.com\/1\/wp-json\/wp\/v2\/posts\/74026\/revisions"}],"predecessor-version":[{"id":74027,"href":"https:\/\/www.caririemacao.com\/1\/wp-json\/wp\/v2\/posts\/74026\/revisions\/74027"}],"wp:featuredmedia":[{"embeddable":true,"href":"https:\/\/www.caririemacao.com\/1\/wp-json\/wp\/v2\/media\/70963"}],"wp:attachment":[{"href":"https:\/\/www.caririemacao.com\/1\/wp-json\/wp\/v2\/media?parent=74026"}],"wp:term":[{"taxonomy":"category","embeddable":true,"href":"https:\/\/www.caririemacao.com\/1\/wp-json\/wp\/v2\/categories?post=74026"},{"taxonomy":"post_tag","embeddable":true,"href":"https:\/\/www.caririemacao.com\/1\/wp-json\/wp\/v2\/tags?post=74026"}],"curies":[{"name":"wp","href":"https:\/\/api.w.org\/{rel}","templated":true}]}}