{"id":74038,"date":"2018-11-23T07:10:21","date_gmt":"2018-11-23T10:10:21","guid":{"rendered":"http:\/\/www.caririemacao.com\/1\/?p=74038"},"modified":"2018-11-23T07:10:21","modified_gmt":"2018-11-23T10:10:21","slug":"maia-enterra-chance-de-votar-previdencia-neste-ano","status":"publish","type":"post","link":"https:\/\/www.caririemacao.com\/1\/2018\/11\/23\/maia-enterra-chance-de-votar-previdencia-neste-ano\/","title":{"rendered":"Maia enterra chance de votar Previd\u00eancia neste ano"},"content":{"rendered":"<p>Faltando um pouco mais de 30 dias para o final do ano e sem organiza\u00e7\u00e3o do futuro do governo para assumir a responsabilidade, n\u00e3o h\u00e1 mais for\u00e7a para votar a reforma da Previd\u00eancia, disse nesta quinta-feira (22), o presidente da C\u00e2mara, Rodrigo Mais (DEM-RJ).<\/p>\n<p>&#8220;N\u00e3o h\u00e1 mais for\u00e7a pol\u00edtica para a constru\u00e7\u00e3o de uma vota\u00e7\u00e3o de 308 votos com metade do Parlamento derrotado&#8221;, disse Maia.<\/p>\n<p>Segundo Maia, as prioridades de vota\u00e7\u00e3o do Congresso ainda neste ano s\u00e3o o projeto de securitiza\u00e7\u00e3o das d\u00edvidas dos estados e a regra sobre ag\u00eancias reguladoras.<\/p>\n<p>Caso continue na presid\u00eancia da C\u00e2mara, Maia disse que gostaria de ver reforma da Previd\u00eancia e a nova lei de licenciamento ambiental aprovadas. Disse ainda que o texto do economista Bernard Appy \u00e9 a refer\u00eancia para o debate de reforma tribut\u00e1ria no in\u00edcio de 2019.<\/p>\n<p>&#8220;Mas n\u00e3o adianta fazer reforma da Previd\u00eancia sem compreender que professor e policial s\u00e3os os principais problemas dos estados. E que n\u00e3o \u00e9 f\u00e1cil organizar a reforma das For\u00e7as Armadas, que \u00e9 por lei complementar&#8221;, disse.<\/p>\n<p>Maia negou que as tr\u00eas nomea\u00e7\u00f5es do DEM para cargos no pr\u00f3ximo governo (Teresa Cristina, na Agricultura, Onyx Lorenzoni, na Casa Civil, e Luiz Henrique Mandetta, na Sa\u00fade) sejam nomea\u00e7\u00f5es do partido.<\/p>\n<p>&#8220;O DEM n\u00e3o tem nenhum minist\u00e9rio no governo&#8221;, afirmou. Lorenzoni, disse ele, \u00e9 escolha pessoal do presidente. Teresa Cristina \u00e9 um grande quadro do DEM, mas foi levada ao Bolsonaro pelo Alceu Moreira que, em tese, \u00e9 candidato a presidente C\u00e2mara pelo MDB e da bancada do agroneg\u00f3cio. &#8220;E o Mandetta quem levou foi o apoio da bancada m\u00e9dica&#8221;, disse.<\/p>\n<p>Ele disse que faz parte do jogo tentar tumultuar uma eventual candidatura sua \u00e0 presid\u00eancia da C\u00e2mara alegando que o partido tem tr\u00eas minist\u00e9rios.<\/p>\n<p>Maia disse que gostaria de ficar no posto, mas ressaltou que a elei\u00e7\u00e3o \u00e9 uma constru\u00e7\u00e3o dif\u00edcil. &#8220;Ainda mais agora. Os partidos todos perderam votos. E tem a necessidade de construir um bloca de 10 a 12 partidos e isso n\u00e3o se constr\u00f3i da noite para o dia&#8221;.<\/p>\n<p>Ao falar das bancadas tem\u00e1ticas no Congresso, alertou: &#8220;tem que tomar cuidado para que n\u00e3o prevale\u00e7a na rela\u00e7\u00e3o as bancadas corporativas.&#8221;<\/p>\n<p><strong>Moro<\/strong><\/p>\n<p>Para Rodrigo Maia, Bolsonaro toca a agenda que o levou \u00e0 presid\u00eancia e, se ele est\u00e1 certo ou errado, o tempo vai dizer.<\/p>\n<p>Essa foi a sua avalia\u00e7\u00e3o sobre defesas pol\u00eamicas do futuro presidente, como a proposta de mudan\u00e7a da embaixada em Israel, que j\u00e1 estremeceu a rela\u00e7\u00e3o comercial com pa\u00edses como o Egito.<\/p>\n<p>&#8220;At\u00e9 o ministro das Rela\u00e7\u00f5es Exteriores vai na linha do que ele prometeu&#8221;, disse Maia, que admitiu que votou em Bolsonaro no segundo turno &#8220;pela agenda econ\u00f4mica do economista Paulo Guedes.&#8221;<\/p>\n<p>Com rela\u00e7\u00e3o \u00e0 nomea\u00e7\u00e3o do ex-juiz Sergio Moro ao Minist\u00e9rio da Justi\u00e7a, Maia disse que foi simbolicamente importante. Para ele, foi &#8220;uma grande sacada, mostrando que Bolsonaro de fato vai implementar o que prometeu na campanha.&#8221;<\/p>\n<p>Moro, no entanto, n\u00e3o assustaria mais o Congresso porque n\u00e3o \u00e9 mais juiz, disse.<\/p>\n<p>Quanto ao aumento salarial concedido ao STF, Maia disse ser correto &#8220;ter prud\u00eancia e a uni\u00e3o de todos os poderes pela reforma da Previd\u00eancia para preservar o valor da nossa moeda e dos nossos sal\u00e1rios.&#8221;<\/p>\n<p>&#8220;Gra\u00e7as a deus que esse aumento passou pela C\u00e2mara antes de eu ser presidente. N\u00e3o pautar, mesmo sendo contra, seria um desrespeito ao outro poder.&#8221;<\/p>\n<p>&nbsp;<\/p>\n<p>Folha Press<\/p>\n","protected":false},"excerpt":{"rendered":"<p>Faltando um pouco mais de 30 dias para o final do ano e sem organiza\u00e7\u00e3o do futuro do governo para assumir a responsabilidade, n\u00e3o h\u00e1&hellip; <\/p>\n","protected":false},"author":1,"featured_media":33778,"comment_status":"closed","ping_status":"closed","sticky":false,"template":"","format":"standard","meta":{"sfsi_plus_gutenberg_text_before_share":"","sfsi_plus_gutenberg_show_text_before_share":"","sfsi_plus_gutenberg_icon_type":"","sfsi_plus_gutenberg_icon_alignemt":"","sfsi_plus_gutenburg_max_per_row":"","footnotes":""},"categories":[50,11],"tags":[],"class_list":["post-74038","post","type-post","status-publish","format-standard","has-post-thumbnail","hentry","category-destaque","category-politica"],"_links":{"self":[{"href":"https:\/\/www.caririemacao.com\/1\/wp-json\/wp\/v2\/posts\/74038","targetHints":{"allow":["GET"]}}],"collection":[{"href":"https:\/\/www.caririemacao.com\/1\/wp-json\/wp\/v2\/posts"}],"about":[{"href":"https:\/\/www.caririemacao.com\/1\/wp-json\/wp\/v2\/types\/post"}],"author":[{"embeddable":true,"href":"https:\/\/www.caririemacao.com\/1\/wp-json\/wp\/v2\/users\/1"}],"replies":[{"embeddable":true,"href":"https:\/\/www.caririemacao.com\/1\/wp-json\/wp\/v2\/comments?post=74038"}],"version-history":[{"count":1,"href":"https:\/\/www.caririemacao.com\/1\/wp-json\/wp\/v2\/posts\/74038\/revisions"}],"predecessor-version":[{"id":74039,"href":"https:\/\/www.caririemacao.com\/1\/wp-json\/wp\/v2\/posts\/74038\/revisions\/74039"}],"wp:featuredmedia":[{"embeddable":true,"href":"https:\/\/www.caririemacao.com\/1\/wp-json\/wp\/v2\/media\/33778"}],"wp:attachment":[{"href":"https:\/\/www.caririemacao.com\/1\/wp-json\/wp\/v2\/media?parent=74038"}],"wp:term":[{"taxonomy":"category","embeddable":true,"href":"https:\/\/www.caririemacao.com\/1\/wp-json\/wp\/v2\/categories?post=74038"},{"taxonomy":"post_tag","embeddable":true,"href":"https:\/\/www.caririemacao.com\/1\/wp-json\/wp\/v2\/tags?post=74038"}],"curies":[{"name":"wp","href":"https:\/\/api.w.org\/{rel}","templated":true}]}}