{"id":74047,"date":"2018-11-23T08:23:33","date_gmt":"2018-11-23T11:23:33","guid":{"rendered":"http:\/\/www.caririemacao.com\/1\/?p=74047"},"modified":"2018-11-23T08:25:21","modified_gmt":"2018-11-23T11:25:21","slug":"professora-e-assaltada-em-monteiro","status":"publish","type":"post","link":"https:\/\/www.caririemacao.com\/1\/2018\/11\/23\/professora-e-assaltada-em-monteiro\/","title":{"rendered":"Professora \u00e9 assaltada em Monteiro"},"content":{"rendered":"<p>Mais um assalto \u00e9 registrado na noite desta quinta-feira (22), em Monteiro no cariri paraibano.<\/p>\n<p>Segundo informa\u00e7\u00f5es um professora CEC col\u00e9gio educacional teve seu celular tomado por dois homens armados que estavam em uma moto quando abordaram e anunciaram o assalto.<\/p>\n<p>A v\u00edtima tinha acabado de sair do col\u00e9gio CEC educacional.<\/p>\n<p><strong>HORA1PB<\/strong><\/p>\n","protected":false},"excerpt":{"rendered":"<p>Mais um assalto \u00e9 registrado na noite desta quinta-feira (22), em Monteiro no cariri paraibano. Segundo informa\u00e7\u00f5es um professora CEC col\u00e9gio educacional teve seu celular&hellip; <\/p>\n","protected":false},"author":1,"featured_media":27587,"comment_status":"closed","ping_status":"closed","sticky":false,"template":"","format":"standard","meta":{"sfsi_plus_gutenberg_text_before_share":"","sfsi_plus_gutenberg_show_text_before_share":"","sfsi_plus_gutenberg_icon_type":"","sfsi_plus_gutenberg_icon_alignemt":"","sfsi_plus_gutenburg_max_per_row":"","footnotes":""},"categories":[12],"tags":[],"class_list":["post-74047","post","type-post","status-publish","format-standard","has-post-thumbnail","hentry","category-policia"],"_links":{"self":[{"href":"https:\/\/www.caririemacao.com\/1\/wp-json\/wp\/v2\/posts\/74047","targetHints":{"allow":["GET"]}}],"collection":[{"href":"https:\/\/www.caririemacao.com\/1\/wp-json\/wp\/v2\/posts"}],"about":[{"href":"https:\/\/www.caririemacao.com\/1\/wp-json\/wp\/v2\/types\/post"}],"author":[{"embeddable":true,"href":"https:\/\/www.caririemacao.com\/1\/wp-json\/wp\/v2\/users\/1"}],"replies":[{"embeddable":true,"href":"https:\/\/www.caririemacao.com\/1\/wp-json\/wp\/v2\/comments?post=74047"}],"version-history":[{"count":1,"href":"https:\/\/www.caririemacao.com\/1\/wp-json\/wp\/v2\/posts\/74047\/revisions"}],"predecessor-version":[{"id":74048,"href":"https:\/\/www.caririemacao.com\/1\/wp-json\/wp\/v2\/posts\/74047\/revisions\/74048"}],"wp:featuredmedia":[{"embeddable":true,"href":"https:\/\/www.caririemacao.com\/1\/wp-json\/wp\/v2\/media\/27587"}],"wp:attachment":[{"href":"https:\/\/www.caririemacao.com\/1\/wp-json\/wp\/v2\/media?parent=74047"}],"wp:term":[{"taxonomy":"category","embeddable":true,"href":"https:\/\/www.caririemacao.com\/1\/wp-json\/wp\/v2\/categories?post=74047"},{"taxonomy":"post_tag","embeddable":true,"href":"https:\/\/www.caririemacao.com\/1\/wp-json\/wp\/v2\/tags?post=74047"}],"curies":[{"name":"wp","href":"https:\/\/api.w.org\/{rel}","templated":true}]}}