{"id":74053,"date":"2018-11-23T10:29:37","date_gmt":"2018-11-23T13:29:37","guid":{"rendered":"http:\/\/www.caririemacao.com\/1\/?p=74053"},"modified":"2018-11-23T10:33:33","modified_gmt":"2018-11-23T13:33:33","slug":"luto-camara-de-gurjao-emite-nota-de-pesar-pela-morte-do-ex-presidente-luiz-ramos","status":"publish","type":"post","link":"https:\/\/www.caririemacao.com\/1\/2018\/11\/23\/luto-camara-de-gurjao-emite-nota-de-pesar-pela-morte-do-ex-presidente-luiz-ramos\/","title":{"rendered":"LUTO: C\u00e2mara de Gurj\u00e3o emite nota de pesar pela morte do ex-presidente Luiz Ramos"},"content":{"rendered":"<p>A C\u00e2mara Municipal de Gurj\u00e3o, em nome de todos os vereadores e funcion\u00e1rios, registra votos de extremo pesar pelo falecimento do Sr. Luiz Costa Ramos, ocorrido na noite desta quinta-feira, dia 22, na cidade de Campina Grande\/PB.<\/p>\n<p>O ex-vereador tamb\u00e9m foi presidente da C\u00e2mara Municipal no per\u00edodo 1966 a 1970. Senhor Luiz Ramos tamb\u00e9m \u00e9 o pai do ex-vereador Hugo Coutinho Ramos e de Diogo Coutinho Ramos (vereador atualmente).<\/p>\n<p>O presidente Adailsinho e todos os vereadores registram o reconhecimento dos relevantes servi\u00e7os prestados \u00e0 cidade de Gurj\u00e3o, pelo ex-vereador Luiz Ramos, em sua trajet\u00f3ria parlamentar.<\/p>\n<p>\u201cForam anos como representante do povo, cumpriu o seu papel e deixou como legado uma bel\u00edssima trajet\u00f3ria marcada pelo respeito ao pr\u00f3ximo, amor e dedica\u00e7\u00e3o \u00e0 fam\u00edlia e amigos. Que Deus em sua infinita miseric\u00f3rdia possa confortar a fam\u00edlia\u201d, comentou o presidente Adailsinho.<\/p>\n<p><strong>O VEL\u00d3RIO E SEPULTAMENTO<\/strong><\/p>\n<p>O vel\u00f3rio acontece em Campina Grande, na Central de Vel\u00f3rios a Viagem, em frente ao Hospital Dom Pedro I, das 7h \u00e0s 14h. E em seguida seguir\u00e1 para Gurj\u00e3o, onde ser\u00e1 velado em sua resid\u00eancia.<br \/>\nO sepultamento ser\u00e1 neste s\u00e1bado (24) \u00e0s 10hrs da manh\u00e3.<\/p>\n","protected":false},"excerpt":{"rendered":"<p>A C\u00e2mara Municipal de Gurj\u00e3o, em nome de todos os vereadores e funcion\u00e1rios, registra votos de extremo pesar pelo falecimento do Sr. Luiz Costa Ramos,&hellip; <\/p>\n","protected":false},"author":1,"featured_media":74054,"comment_status":"closed","ping_status":"closed","sticky":false,"template":"","format":"standard","meta":{"sfsi_plus_gutenberg_text_before_share":"","sfsi_plus_gutenberg_show_text_before_share":"","sfsi_plus_gutenberg_icon_type":"","sfsi_plus_gutenberg_icon_alignemt":"","sfsi_plus_gutenburg_max_per_row":"","footnotes":""},"categories":[50,2],"tags":[],"class_list":["post-74053","post","type-post","status-publish","format-standard","has-post-thumbnail","hentry","category-destaque","category-geral"],"_links":{"self":[{"href":"https:\/\/www.caririemacao.com\/1\/wp-json\/wp\/v2\/posts\/74053","targetHints":{"allow":["GET"]}}],"collection":[{"href":"https:\/\/www.caririemacao.com\/1\/wp-json\/wp\/v2\/posts"}],"about":[{"href":"https:\/\/www.caririemacao.com\/1\/wp-json\/wp\/v2\/types\/post"}],"author":[{"embeddable":true,"href":"https:\/\/www.caririemacao.com\/1\/wp-json\/wp\/v2\/users\/1"}],"replies":[{"embeddable":true,"href":"https:\/\/www.caririemacao.com\/1\/wp-json\/wp\/v2\/comments?post=74053"}],"version-history":[{"count":2,"href":"https:\/\/www.caririemacao.com\/1\/wp-json\/wp\/v2\/posts\/74053\/revisions"}],"predecessor-version":[{"id":74056,"href":"https:\/\/www.caririemacao.com\/1\/wp-json\/wp\/v2\/posts\/74053\/revisions\/74056"}],"wp:featuredmedia":[{"embeddable":true,"href":"https:\/\/www.caririemacao.com\/1\/wp-json\/wp\/v2\/media\/74054"}],"wp:attachment":[{"href":"https:\/\/www.caririemacao.com\/1\/wp-json\/wp\/v2\/media?parent=74053"}],"wp:term":[{"taxonomy":"category","embeddable":true,"href":"https:\/\/www.caririemacao.com\/1\/wp-json\/wp\/v2\/categories?post=74053"},{"taxonomy":"post_tag","embeddable":true,"href":"https:\/\/www.caririemacao.com\/1\/wp-json\/wp\/v2\/tags?post=74053"}],"curies":[{"name":"wp","href":"https:\/\/api.w.org\/{rel}","templated":true}]}}