{"id":74061,"date":"2018-11-23T13:16:55","date_gmt":"2018-11-23T16:16:55","guid":{"rendered":"http:\/\/www.caririemacao.com\/1\/?p=74061"},"modified":"2018-11-23T13:16:55","modified_gmt":"2018-11-23T16:16:55","slug":"vasco-derrota-sao-paulo-e-ganha-folego-na-briga-contra-a-degola","status":"publish","type":"post","link":"https:\/\/www.caririemacao.com\/1\/2018\/11\/23\/vasco-derrota-sao-paulo-e-ganha-folego-na-briga-contra-a-degola\/","title":{"rendered":"Vasco derrota S\u00e3o Paulo e ganha f\u00f4lego na briga contra a degola"},"content":{"rendered":"<p>O S\u00e3o Paulo desperdi\u00e7ou a chance de voltar ao G4 do Campeonato Brasileiro durante a noite desta quinta-feira. Jogando em S\u00e3o Janu\u00e1rio, o time tricolor sentiu a aus\u00eancia de Diego Souza e se mostrou praticamente inofensivo diante de um Vasco mais ligado, que venceu por 2 a 0 e ganhou f\u00f4lego na briga contra a degola.<\/p>\n<div id=\"attachment_529898\" class=\"wp-caption aligncenter\"><img decoding=\"async\" class=\"wp-image-529898 size-full lazyload\" data-src=\"https:\/\/paraibaonline.com.br\/wp-content\/uploads\/2018\/11\/vasco2311.jpg\" data-srcset=\"https:\/\/paraibaonline.com.br\/wp-content\/uploads\/2018\/11\/vasco2311.jpg 820w, https:\/\/paraibaonline.com.br\/wp-content\/uploads\/2018\/11\/vasco2311-567x377.jpg 567w\" alt=\"\" src=\"data:image\/svg+xml;base64,PHN2ZyB3aWR0aD0iMSIgaGVpZ2h0PSIxIiB4bWxucz0iaHR0cDovL3d3dy53My5vcmcvMjAwMC9zdmciPjwvc3ZnPg==\" \/><\/p>\n<p class=\"wp-caption-text\">Foto: Divulga\u00e7\u00e3o<\/p>\n<\/div>\n<p>A equipe dirigida por Andr\u00e9 Jardine, que poderia assumir o quarto lugar em fun\u00e7\u00e3o da derrota do Gr\u00eamio na rodada, permanece na quinta coloca\u00e7\u00e3o, com os mesmos 62 pontos do time ga\u00facho, mas com uma vit\u00f3ria a menos. J\u00e1 o Cruz-Maltino assume a 14\u00aa posi\u00e7\u00e3o, com 42 pontos, cinco a mais que o Am\u00e9rica-MG, primeiro clube dentro da zona de rebaixamento.<\/p>\n<p>Pela\u00a037\u00aa e pen\u00faltima rodada do Campeonato Brasileiro, o S\u00e3o Paulo tentar\u00e1 se reabilitar diante do Sport, na pr\u00f3xima segunda-feira, \u00e0s 20 horas (de Bras\u00edlia), no Morumbi. Um dia antes, \u00e0s 17 horas, o Vasco buscar\u00e1 adiar o t\u00edtulo do Palmeiras e finalmente se livrar do risco de descenso.<\/p>\n<p>&nbsp;<\/p>\n<p>GazetaNet<\/p>\n","protected":false},"excerpt":{"rendered":"<p>O S\u00e3o Paulo desperdi\u00e7ou a chance de voltar ao G4 do Campeonato Brasileiro durante a noite desta quinta-feira. Jogando em S\u00e3o Janu\u00e1rio, o time tricolor&hellip; <\/p>\n","protected":false},"author":1,"featured_media":74062,"comment_status":"closed","ping_status":"closed","sticky":false,"template":"","format":"standard","meta":{"sfsi_plus_gutenberg_text_before_share":"","sfsi_plus_gutenberg_show_text_before_share":"","sfsi_plus_gutenberg_icon_type":"","sfsi_plus_gutenberg_icon_alignemt":"","sfsi_plus_gutenburg_max_per_row":"","footnotes":""},"categories":[13],"tags":[],"class_list":["post-74061","post","type-post","status-publish","format-standard","has-post-thumbnail","hentry","category-esportes"],"_links":{"self":[{"href":"https:\/\/www.caririemacao.com\/1\/wp-json\/wp\/v2\/posts\/74061","targetHints":{"allow":["GET"]}}],"collection":[{"href":"https:\/\/www.caririemacao.com\/1\/wp-json\/wp\/v2\/posts"}],"about":[{"href":"https:\/\/www.caririemacao.com\/1\/wp-json\/wp\/v2\/types\/post"}],"author":[{"embeddable":true,"href":"https:\/\/www.caririemacao.com\/1\/wp-json\/wp\/v2\/users\/1"}],"replies":[{"embeddable":true,"href":"https:\/\/www.caririemacao.com\/1\/wp-json\/wp\/v2\/comments?post=74061"}],"version-history":[{"count":1,"href":"https:\/\/www.caririemacao.com\/1\/wp-json\/wp\/v2\/posts\/74061\/revisions"}],"predecessor-version":[{"id":74063,"href":"https:\/\/www.caririemacao.com\/1\/wp-json\/wp\/v2\/posts\/74061\/revisions\/74063"}],"wp:featuredmedia":[{"embeddable":true,"href":"https:\/\/www.caririemacao.com\/1\/wp-json\/wp\/v2\/media\/74062"}],"wp:attachment":[{"href":"https:\/\/www.caririemacao.com\/1\/wp-json\/wp\/v2\/media?parent=74061"}],"wp:term":[{"taxonomy":"category","embeddable":true,"href":"https:\/\/www.caririemacao.com\/1\/wp-json\/wp\/v2\/categories?post=74061"},{"taxonomy":"post_tag","embeddable":true,"href":"https:\/\/www.caririemacao.com\/1\/wp-json\/wp\/v2\/tags?post=74061"}],"curies":[{"name":"wp","href":"https:\/\/api.w.org\/{rel}","templated":true}]}}