{"id":74064,"date":"2018-11-23T13:19:34","date_gmt":"2018-11-23T16:19:34","guid":{"rendered":"http:\/\/www.caririemacao.com\/1\/?p=74064"},"modified":"2018-11-23T13:19:34","modified_gmt":"2018-11-23T16:19:34","slug":"deputada-paraibana-vai-liderar-o-pp-no-senado","status":"publish","type":"post","link":"https:\/\/www.caririemacao.com\/1\/2018\/11\/23\/deputada-paraibana-vai-liderar-o-pp-no-senado\/","title":{"rendered":"Deputada paraibana vai liderar o PP no Senado"},"content":{"rendered":"<p>senadora eleita Daniella Ribeiro (PP) afirmou que se reuniu com os seis senadores do Progressistas e houve a defini\u00e7\u00e3o em rela\u00e7\u00e3o \u00e0 lideran\u00e7a do Senado, onde colocou seu nome \u00e0 disposi\u00e7\u00e3o.<\/p>\n<p>Ela destacou que os paraibanos n\u00e3o podem deixar de ser ousados e, ao surgir um desafio assim, \u00e9 preciso assumir.<\/p>\n<div id=\"attachment_495652\" class=\"wp-caption aligncenter\"><img decoding=\"async\" class=\"wp-image-495652 size-full lazyload\" data-src=\"https:\/\/paraibaonline.com.br\/wp-content\/uploads\/2018\/09\/DANIELLA-RIBEIRO.jpeg\" data-srcset=\"https:\/\/paraibaonline.com.br\/wp-content\/uploads\/2018\/09\/DANIELLA-RIBEIRO.jpeg 800w, https:\/\/paraibaonline.com.br\/wp-content\/uploads\/2018\/09\/DANIELLA-RIBEIRO-557x417.jpeg 557w\" alt=\"Foto: Paraibaonline\" src=\"data:image\/svg+xml;base64,PHN2ZyB3aWR0aD0iMSIgaGVpZ2h0PSIxIiB4bWxucz0iaHR0cDovL3d3dy53My5vcmcvMjAwMC9zdmciPjwvc3ZnPg==\" \/><\/p>\n<p class=\"wp-caption-text\">Foto: Paraibaonline<\/p>\n<\/div>\n<p>\u2013 Um l\u00edder tem que fazer o poss\u00edvel para convergir. \u00c0s vezes existem interesses diferenciados, mas o que \u00e9 mais importante \u00e9 a gente conciliar. Vou com muita humildade. Vou em frente nos desafios, desde que eu tenha convic\u00e7\u00e3o \u2013 disse.<\/p>\n<p>Daniella declarou que ainda n\u00e3o houve nenhuma tratativa com nenhum partido pol\u00edtico ou com a equipe do presidente eleito Jair Bolsonaro (PSL). Ela citou que acredita que Bolsonaro deve conversar com os partidos em um futuro pr\u00f3ximo.<\/p>\n<p>A senadora ainda disse que o PP n\u00e3o se colocou como oposi\u00e7\u00e3o ou situa\u00e7\u00e3o, mas sim a favor do Brasil.<\/p>\n<p>&nbsp;<\/p>\n<p>R\u00e1dio Arapuan FM<\/p>\n","protected":false},"excerpt":{"rendered":"<p>senadora eleita Daniella Ribeiro (PP) afirmou que se reuniu com os seis senadores do Progressistas e houve a defini\u00e7\u00e3o em rela\u00e7\u00e3o \u00e0 lideran\u00e7a do Senado,&hellip; <\/p>\n","protected":false},"author":1,"featured_media":41029,"comment_status":"closed","ping_status":"closed","sticky":false,"template":"","format":"standard","meta":{"sfsi_plus_gutenberg_text_before_share":"","sfsi_plus_gutenberg_show_text_before_share":"","sfsi_plus_gutenberg_icon_type":"","sfsi_plus_gutenberg_icon_alignemt":"","sfsi_plus_gutenburg_max_per_row":"","footnotes":""},"categories":[11],"tags":[],"class_list":["post-74064","post","type-post","status-publish","format-standard","has-post-thumbnail","hentry","category-politica"],"_links":{"self":[{"href":"https:\/\/www.caririemacao.com\/1\/wp-json\/wp\/v2\/posts\/74064","targetHints":{"allow":["GET"]}}],"collection":[{"href":"https:\/\/www.caririemacao.com\/1\/wp-json\/wp\/v2\/posts"}],"about":[{"href":"https:\/\/www.caririemacao.com\/1\/wp-json\/wp\/v2\/types\/post"}],"author":[{"embeddable":true,"href":"https:\/\/www.caririemacao.com\/1\/wp-json\/wp\/v2\/users\/1"}],"replies":[{"embeddable":true,"href":"https:\/\/www.caririemacao.com\/1\/wp-json\/wp\/v2\/comments?post=74064"}],"version-history":[{"count":1,"href":"https:\/\/www.caririemacao.com\/1\/wp-json\/wp\/v2\/posts\/74064\/revisions"}],"predecessor-version":[{"id":74065,"href":"https:\/\/www.caririemacao.com\/1\/wp-json\/wp\/v2\/posts\/74064\/revisions\/74065"}],"wp:featuredmedia":[{"embeddable":true,"href":"https:\/\/www.caririemacao.com\/1\/wp-json\/wp\/v2\/media\/41029"}],"wp:attachment":[{"href":"https:\/\/www.caririemacao.com\/1\/wp-json\/wp\/v2\/media?parent=74064"}],"wp:term":[{"taxonomy":"category","embeddable":true,"href":"https:\/\/www.caririemacao.com\/1\/wp-json\/wp\/v2\/categories?post=74064"},{"taxonomy":"post_tag","embeddable":true,"href":"https:\/\/www.caririemacao.com\/1\/wp-json\/wp\/v2\/tags?post=74064"}],"curies":[{"name":"wp","href":"https:\/\/api.w.org\/{rel}","templated":true}]}}