{"id":74073,"date":"2018-11-23T14:40:20","date_gmt":"2018-11-23T17:40:20","guid":{"rendered":"http:\/\/www.caririemacao.com\/1\/?p=74073"},"modified":"2018-11-23T14:40:20","modified_gmt":"2018-11-23T17:40:20","slug":"caixa-economica-federal-anuncia-nova-etapa-de-plano-de-demissao-voluntaria","status":"publish","type":"post","link":"https:\/\/www.caririemacao.com\/1\/2018\/11\/23\/caixa-economica-federal-anuncia-nova-etapa-de-plano-de-demissao-voluntaria\/","title":{"rendered":"Caixa Econ\u00f4mica Federal anuncia nova etapa de plano de demiss\u00e3o volunt\u00e1ria"},"content":{"rendered":"<p>Caixa Econ\u00f4mica Federal anunciou hoje (23) nova etapa do Programa de Desligamento de Empregado (PDE), com per\u00edodo de ades\u00e3o de 26 a 30 de novembro.<\/p>\n<p>O programa est\u00e1 aberto aos empregados com mais de 15 anos na institui\u00e7\u00e3o, aposentados ou aptos a se aposentar at\u00e9 o fim deste ano, ou com adicional de incorpora\u00e7\u00e3o de fun\u00e7\u00e3o de confian\u00e7a.<\/p>\n<p>O banco espera a ades\u00e3o de at\u00e9 1,6 mil funcion\u00e1rios, que dever\u00e1 gerar economia de R$ 324 milh\u00f5es por ano, caso a expectativa seja atingida.<\/p>\n<p>Desde 2016, 12,5 mil empregados se desligaram da Caixa, dos quais 8,6 mil por meio de programas de demiss\u00e3o volunt\u00e1ria.<\/p>\n<div id=\"attachment_487358\" class=\"wp-caption aligncenter\"><img decoding=\"async\" class=\"wp-image-487358 size-full lazyload\" data-src=\"https:\/\/paraibaonline.com.br\/wp-content\/uploads\/2018\/08\/caixa1308.jpg\" data-srcset=\"https:\/\/paraibaonline.com.br\/wp-content\/uploads\/2018\/08\/caixa1308.jpg 754w, https:\/\/paraibaonline.com.br\/wp-content\/uploads\/2018\/08\/caixa1308-434x417.jpg 434w, https:\/\/paraibaonline.com.br\/wp-content\/uploads\/2018\/08\/caixa1308-688x662.jpg 688w\" alt=\"Foto: Jos\u00e9 Cruz\/ Ag\u00eancia Brasil\" src=\"data:image\/svg+xml;base64,PHN2ZyB3aWR0aD0iMSIgaGVpZ2h0PSIxIiB4bWxucz0iaHR0cDovL3d3dy53My5vcmcvMjAwMC9zdmciPjwvc3ZnPg==\" \/><\/p>\n<p class=\"wp-caption-text\">Foto: Jos\u00e9 Cruz\/ Ag\u00eancia Brasil<\/p>\n<\/div>\n<p>O an\u00fancio da nova etapa do plano ocorre um dia depois de a assessoria do futuro ministro da Economia, Paulo Guedes, confirmar a indica\u00e7\u00e3o do economista Pedro Guimar\u00e3es para a presid\u00eancia da Caixa.<\/p>\n<p>Com passagem pelos bancos Bozano Simonsen, BTG Pactual e Brasil Plural, Guimar\u00e3es \u00e9 PhD em economia pela Universidade de Rochester, nos Estados Unidos, com especializa\u00e7\u00e3o em privatiza\u00e7\u00f5es.<\/p>\n<p>Nos nove primeiros meses do ano, a Caixa lucrou R$ 11,5 bilh\u00f5es, ganho recorde e 83,7% maior que o registrado no mesmo per\u00edodo de 2017.<\/p>\n<p>De acordo com a institui\u00e7\u00e3o, a queda de 7,1% nos gastos de pessoal em rela\u00e7\u00e3o aos mesmos meses do ano passado contribuiu para o aumento do lucro.<\/p>\n<p>&nbsp;<\/p>\n<p>Ag\u00eancia Brasil<\/p>\n","protected":false},"excerpt":{"rendered":"<p>Caixa Econ\u00f4mica Federal anunciou hoje (23) nova etapa do Programa de Desligamento de Empregado (PDE), com per\u00edodo de ades\u00e3o de 26 a 30 de novembro.&hellip; <\/p>\n","protected":false},"author":1,"featured_media":40241,"comment_status":"closed","ping_status":"closed","sticky":false,"template":"","format":"standard","meta":{"sfsi_plus_gutenberg_text_before_share":"","sfsi_plus_gutenberg_show_text_before_share":"","sfsi_plus_gutenberg_icon_type":"","sfsi_plus_gutenberg_icon_alignemt":"","sfsi_plus_gutenburg_max_per_row":"","footnotes":""},"categories":[2],"tags":[],"class_list":["post-74073","post","type-post","status-publish","format-standard","has-post-thumbnail","hentry","category-geral"],"_links":{"self":[{"href":"https:\/\/www.caririemacao.com\/1\/wp-json\/wp\/v2\/posts\/74073","targetHints":{"allow":["GET"]}}],"collection":[{"href":"https:\/\/www.caririemacao.com\/1\/wp-json\/wp\/v2\/posts"}],"about":[{"href":"https:\/\/www.caririemacao.com\/1\/wp-json\/wp\/v2\/types\/post"}],"author":[{"embeddable":true,"href":"https:\/\/www.caririemacao.com\/1\/wp-json\/wp\/v2\/users\/1"}],"replies":[{"embeddable":true,"href":"https:\/\/www.caririemacao.com\/1\/wp-json\/wp\/v2\/comments?post=74073"}],"version-history":[{"count":1,"href":"https:\/\/www.caririemacao.com\/1\/wp-json\/wp\/v2\/posts\/74073\/revisions"}],"predecessor-version":[{"id":74075,"href":"https:\/\/www.caririemacao.com\/1\/wp-json\/wp\/v2\/posts\/74073\/revisions\/74075"}],"wp:featuredmedia":[{"embeddable":true,"href":"https:\/\/www.caririemacao.com\/1\/wp-json\/wp\/v2\/media\/40241"}],"wp:attachment":[{"href":"https:\/\/www.caririemacao.com\/1\/wp-json\/wp\/v2\/media?parent=74073"}],"wp:term":[{"taxonomy":"category","embeddable":true,"href":"https:\/\/www.caririemacao.com\/1\/wp-json\/wp\/v2\/categories?post=74073"},{"taxonomy":"post_tag","embeddable":true,"href":"https:\/\/www.caririemacao.com\/1\/wp-json\/wp\/v2\/tags?post=74073"}],"curies":[{"name":"wp","href":"https:\/\/api.w.org\/{rel}","templated":true}]}}