{"id":74076,"date":"2018-11-23T14:49:19","date_gmt":"2018-11-23T17:49:19","guid":{"rendered":"http:\/\/www.caririemacao.com\/1\/?p=74076"},"modified":"2018-11-23T14:49:19","modified_gmt":"2018-11-23T17:49:19","slug":"para-novo-ministro-da-educacao-golpe-de-1964-deve-ser-comemorado","status":"publish","type":"post","link":"https:\/\/www.caririemacao.com\/1\/2018\/11\/23\/para-novo-ministro-da-educacao-golpe-de-1964-deve-ser-comemorado\/","title":{"rendered":"Para novo ministro da Educa\u00e7\u00e3o, golpe de 1964 deve ser comemorado"},"content":{"rendered":"<p>O\u00a0novo ministro da Educa\u00e7\u00e3o escolhido pelo presidente Jair Bolsonaro,\u00a0Ricardo V\u00e9lez Rodr\u00edguez, afirmou em um texto do seu blog que o\u00a0<strong>golpe militar<\/strong>\u00a0de 31 de mar\u00e7o de 1964 \u201c\u00e9 uma data para lembrar e comemorar\u201d.<\/p>\n<p>Segundo o professor,\u00a0a tomada do poder pelos militares, que perdurou por 20 anos, foi essencial para a abertura democr\u00e1tica do Brasil.<\/p>\n<p>\u201cOs nossos militares prepararam os seus quadros de oficiais para se inserirem no Brasil democr\u00e1tico, abrindo espa\u00e7o ao p\u00fablico feminino e com pleno respeito \u00e0s lideran\u00e7as civis leg\u00edtimas surgidas do voto popular e \u00e0s institui\u00e7\u00f5es do governo representativo\u201d, resume.<\/p>\n<p>Professor de\u00a0Ci\u00eancia da Religi\u00e3o da UFJF, Rodr\u00edguez defende que a atua\u00e7\u00e3o dos militares \u201cnos livrou do comunismo\u201d.<\/p>\n<p>\u201c64, vale sim afirm\u00e1-lo, nos livrou do comunismo. Nos poupou os rios de sangue causados pelas guerrilhas totalit\u00e1rias [\u2026] N\u00e3o tivessem os militares brasileiros agido com for\u00e7a para desmantelar a \u201cRep\u00fablica do Araguaia\u201d, ter\u00edamos tido o nosso \u201cCagu\u00e1n\u201d (o territ\u00f3rio \u201clivre\u201d do tamanho do Estado do Rio de Janeiro, situado no cora\u00e7\u00e3o da Col\u00f4mbia e a partir do qual as Farc chegaram quase a balcanizar o pa\u00eds vizinho)\u201d, escreveu.<\/p>\n<p>De acordo com o futuro ministro, \u201cos treze anos de desgoverno lulopetista,\u00a0os militantes e l\u00edderes do PT e coligados tentaram, por todos os meios, desmoralizar a mem\u00f3ria dos nossos militares e do governo por eles instaurado em 64\u2033.<\/p>\n<p>Para ele, a Comiss\u00e3o Nacional da Verdade, que teve o papel de investigar viola\u00e7\u00f5es de direitos humanos durante o regime militar e apresentou em seu relat\u00f3rio final o n\u00famero de 434 mortes no per\u00edodo, \u201cfoi\u00a0a iniciativa mais absurda que os petralhas tentaram impor\u201d.<\/p>\n<p>Em um trecho de seu artigo, no entanto, o futuro ministro reconhece que \u201cper\u00edodos de exce\u00e7\u00e3o s\u00e3o ruins em termos de aprendizado democr\u00e1tico\u201d, e completa, ainda, que \u201chouve excessos no que tange \u00e0 repress\u00e3o\u201d, mas justifica que a Lei da Anistia retomou os direitos dos exilados.<\/p>\n<p>\u201c\u00c9 importante lembrar que, se aproximando o fim o regime militar, foi aprovada a Lei de Anistia que possibilitou a volta dos exilados e a forma\u00e7\u00e3o de partidos pol\u00edticos de oposi\u00e7\u00e3o por parte deles. Seria uma aberra\u00e7\u00e3o, como pretenderam os petistas, fazer regredir o rel\u00f3gio da hist\u00f3ria, como se n\u00e3o tivesse havido Lei de Anistia, a fim de perseguir os desafetos da derrotada e ressentida milit\u00e2ncia da esquerda radical. Esse foi um desservi\u00e7o \u00e0 Na\u00e7\u00e3o que felizmente n\u00e3o prosperou\u201d, afirmou.<\/p>\n<p><br clear=\"all\" \/><br clear=\"all\" \/><\/p>\n<p>Fonte: MSN<\/p>\n","protected":false},"excerpt":{"rendered":"<p>O\u00a0novo ministro da Educa\u00e7\u00e3o escolhido pelo presidente Jair Bolsonaro,\u00a0Ricardo V\u00e9lez Rodr\u00edguez, afirmou em um texto do seu blog que o\u00a0golpe militar\u00a0de 31 de mar\u00e7o de&hellip; <\/p>\n","protected":false},"author":1,"featured_media":74077,"comment_status":"closed","ping_status":"closed","sticky":false,"template":"","format":"standard","meta":{"sfsi_plus_gutenberg_text_before_share":"","sfsi_plus_gutenberg_show_text_before_share":"","sfsi_plus_gutenberg_icon_type":"","sfsi_plus_gutenberg_icon_alignemt":"","sfsi_plus_gutenburg_max_per_row":"","footnotes":""},"categories":[50,11],"tags":[],"class_list":["post-74076","post","type-post","status-publish","format-standard","has-post-thumbnail","hentry","category-destaque","category-politica"],"_links":{"self":[{"href":"https:\/\/www.caririemacao.com\/1\/wp-json\/wp\/v2\/posts\/74076","targetHints":{"allow":["GET"]}}],"collection":[{"href":"https:\/\/www.caririemacao.com\/1\/wp-json\/wp\/v2\/posts"}],"about":[{"href":"https:\/\/www.caririemacao.com\/1\/wp-json\/wp\/v2\/types\/post"}],"author":[{"embeddable":true,"href":"https:\/\/www.caririemacao.com\/1\/wp-json\/wp\/v2\/users\/1"}],"replies":[{"embeddable":true,"href":"https:\/\/www.caririemacao.com\/1\/wp-json\/wp\/v2\/comments?post=74076"}],"version-history":[{"count":1,"href":"https:\/\/www.caririemacao.com\/1\/wp-json\/wp\/v2\/posts\/74076\/revisions"}],"predecessor-version":[{"id":74078,"href":"https:\/\/www.caririemacao.com\/1\/wp-json\/wp\/v2\/posts\/74076\/revisions\/74078"}],"wp:featuredmedia":[{"embeddable":true,"href":"https:\/\/www.caririemacao.com\/1\/wp-json\/wp\/v2\/media\/74077"}],"wp:attachment":[{"href":"https:\/\/www.caririemacao.com\/1\/wp-json\/wp\/v2\/media?parent=74076"}],"wp:term":[{"taxonomy":"category","embeddable":true,"href":"https:\/\/www.caririemacao.com\/1\/wp-json\/wp\/v2\/categories?post=74076"},{"taxonomy":"post_tag","embeddable":true,"href":"https:\/\/www.caririemacao.com\/1\/wp-json\/wp\/v2\/tags?post=74076"}],"curies":[{"name":"wp","href":"https:\/\/api.w.org\/{rel}","templated":true}]}}