{"id":74079,"date":"2018-11-23T15:18:07","date_gmt":"2018-11-23T18:18:07","guid":{"rendered":"http:\/\/www.caririemacao.com\/1\/?p=74079"},"modified":"2018-11-23T15:18:07","modified_gmt":"2018-11-23T18:18:07","slug":"filho-de-jair-bolsonaro-deixa-equipe-de-transicao-apos-desavenca","status":"publish","type":"post","link":"https:\/\/www.caririemacao.com\/1\/2018\/11\/23\/filho-de-jair-bolsonaro-deixa-equipe-de-transicao-apos-desavenca\/","title":{"rendered":"Filho de Jair Bolsonaro deixa equipe de transi\u00e7\u00e3o ap\u00f3s desaven\u00e7a"},"content":{"rendered":"<p>Considerado o respons\u00e1vel pela campanha de Jair Bolsonaro nas redes sociais, Carlos Bolsonaro, um dos filhos do presidente eleito, anunciou nesta quinta-feira, 22, que deixou a equipe de transi\u00e7\u00e3o. A decis\u00e3o ocorreu ap\u00f3s uma desaven\u00e7a com o futuro titular da Secretaria-Geral da Presid\u00eancia da Rep\u00fablica, Gustavo Bebianno. Vereador licenciado da C\u00e2mara Municipal do Rio, Carlos era cotado para assumir a Secretaria de Comunica\u00e7\u00e3o da Presid\u00eancia.<\/p>\n<p>Essa possibilidade foi comunicada pelo pr\u00f3prio Bebianno na quarta-feira, 21, ap\u00f3s ser confirmado no primeiro escal\u00e3o do futuro governo. Segundo pessoas pr\u00f3ximas ao filho do presidente eleito, a atitude de Bebianno foi vista como precipitada e como um \u201cafago falso\u201d.<\/p>\n<p>\u201cCar\u00e1ter n\u00e3o se negocia. Quando h\u00e1 compuls\u00e3o por aparecer a qualquer custo, sempre tem algo por tr\u00e1s. Somos humanos e falhamos, mas a procura por holofote \u00e9 um p\u00e9ssimo indicativo do que se pode esperar de um indiv\u00edduo. Jamais trairei meus ideais\u201d, escreveu Carlos, que tamb\u00e9m informou que estava se afastando da ger\u00eancia das contas das redes sociais do pai \u2013 tarefa que havia assumido h\u00e1 cerca de dez anos e que foi vista como fundamental para a vit\u00f3ria de Bolsonaro na disputa presidencial.<\/p>\n<p>Ap\u00f3s admitir que poderia nomear Carlos para o posto, Bolsonaro praticamente descartou essa possibilidade na quinta-feira. Segundo ele, o filho \u00e9 uma pessoa \u201cextremamente competente\u201d, mas a nomea\u00e7\u00e3o poderia ser vista como nepotismo. \u201cNunca pratiquei isso, n\u00e3o me interessa fazer. A tend\u00eancia \u00e9 esse assunto morrer\u201d, disse o presidente eleito.<\/p>\n<p>Assessores do gabinete de Carlos vinham estudando legisla\u00e7\u00f5es brasileiras que tratam de nepotismo e decis\u00f5es do Supremo Tribunal Federal (STF), inclusive a que analisou o caso do filho do prefeito do Rio, Marcelo Crivella (PRB). Um advogado tamb\u00e9m chegou a ser consultado pelo gabinete do vereador.<\/p>\n<p>Em tr\u00eas semanas de transi\u00e7\u00e3o, Bolsonaro n\u00e3o indica que vai abandonar o modelo de comunica\u00e7\u00e3o da campanha e ignora a estrutura convencional da Presid\u00eancia da Rep\u00fablica. Ele costuma n\u00e3o dar ouvidos a auxiliares que recomendam a escolha imediata de um porta-voz e de um assessor de imprensa, dizem os aliados. O principal canal de informa\u00e7\u00e3o continua sendo as redes sociais, principalmente o Twitter. Na noite de quinta, ele usou a plataforma para anunciar que o professor Ricardo V\u00e9lez Rodr\u00edguez ser\u00e1 o futuro ministro da Educa\u00e7\u00e3o.<\/p>\n<p><b>Conselheiro<\/b><\/p>\n<p>A expectativa entre auxiliares de Carlos Bolsonaro era de que ele se tornasse uma esp\u00e9cie de conselheiro do pai na \u00e1rea. Desde o in\u00edcio da campanha, por\u00e9m, a aproxima\u00e7\u00e3o de Bebianno com o ent\u00e3o presidenci\u00e1vel do PSL virou uma quest\u00e3o negativa para o vereador. Ele achava que o advogado teria se aliado ao pai por interesses pr\u00f3prios e promoveu alian\u00e7as que desaprovou. Entre elas est\u00e3o a aproxima\u00e7\u00e3o com o deputado federal eleito Julian Lemos (PSL-PB), o senador Magno Malta (PR-ES) e o deputado federal Onyx Lorenzoni (DEM-RS), anunciado como ministro da Casa Civil.<\/p>\n<p>Para um assessor pr\u00f3ximo, \u201co copo estava na metade, encheu e transbordou\u201d. Carlos, segundo interlocutores, teria se irritado com o fato de pessoas assumirem para si trabalhos na campanha que ele havia desenvolvido. Por isso ele resolveu tirar licen\u00e7a n\u00e3o remunerada da C\u00e2mara Municipal do Rio em agosto. Seu objetivo era renovar a licen\u00e7a at\u00e9 que as nomea\u00e7\u00f5es de cargos do governo fossem definidas.<\/p>\n<p>No \u00faltimo dia 12, Carlos apresentou mais uma renova\u00e7\u00e3o no prazo de seu afastamento, mas o plano foi interrompido na quarta-feira. Por meio do Twitter, Carlos anunciou que vai voltar \u00e0 C\u00e2mara na semana que vem.<\/p>\n<p>Irritado, ele deixou Bras\u00edlia na quarta e viajou para Santa Catarina, onde treinaria em um clube de tiro, um dos seus passatempos favoritos. Carlos dever\u00e1 ficar no Estado at\u00e9 o in\u00edcio da pr\u00f3xima semana, quando deve retornar aos trabalhos na C\u00e2mara Municipal, conforme assessores.<\/p>\n<p>Aliados e familiares comentam que a \u00fanica medida que faria Carlos mudar de ideia e retomar seu plano original de auxiliar o pai seria que Bolsonaro diminu\u00edsse o poder de Bebianno, o que parece improv\u00e1vel. Procurado, o futuro secret\u00e1rio-geral da Presid\u00eancia n\u00e3o respondeu aos pedidos de entrevista feitos pelo jornal\u00a0<b>O Estado de S. Paulo<\/b>.<\/p>\n<p>&nbsp;<\/p>\n<p><b>O Estado de S. Paulo<\/b><\/p>\n","protected":false},"excerpt":{"rendered":"<p>Considerado o respons\u00e1vel pela campanha de Jair Bolsonaro nas redes sociais, Carlos Bolsonaro, um dos filhos do presidente eleito, anunciou nesta quinta-feira, 22, que deixou&hellip; <\/p>\n","protected":false},"author":1,"featured_media":74080,"comment_status":"closed","ping_status":"closed","sticky":false,"template":"","format":"standard","meta":{"sfsi_plus_gutenberg_text_before_share":"","sfsi_plus_gutenberg_show_text_before_share":"","sfsi_plus_gutenberg_icon_type":"","sfsi_plus_gutenberg_icon_alignemt":"","sfsi_plus_gutenburg_max_per_row":"","footnotes":""},"categories":[11],"tags":[],"class_list":["post-74079","post","type-post","status-publish","format-standard","has-post-thumbnail","hentry","category-politica"],"_links":{"self":[{"href":"https:\/\/www.caririemacao.com\/1\/wp-json\/wp\/v2\/posts\/74079","targetHints":{"allow":["GET"]}}],"collection":[{"href":"https:\/\/www.caririemacao.com\/1\/wp-json\/wp\/v2\/posts"}],"about":[{"href":"https:\/\/www.caririemacao.com\/1\/wp-json\/wp\/v2\/types\/post"}],"author":[{"embeddable":true,"href":"https:\/\/www.caririemacao.com\/1\/wp-json\/wp\/v2\/users\/1"}],"replies":[{"embeddable":true,"href":"https:\/\/www.caririemacao.com\/1\/wp-json\/wp\/v2\/comments?post=74079"}],"version-history":[{"count":1,"href":"https:\/\/www.caririemacao.com\/1\/wp-json\/wp\/v2\/posts\/74079\/revisions"}],"predecessor-version":[{"id":74081,"href":"https:\/\/www.caririemacao.com\/1\/wp-json\/wp\/v2\/posts\/74079\/revisions\/74081"}],"wp:featuredmedia":[{"embeddable":true,"href":"https:\/\/www.caririemacao.com\/1\/wp-json\/wp\/v2\/media\/74080"}],"wp:attachment":[{"href":"https:\/\/www.caririemacao.com\/1\/wp-json\/wp\/v2\/media?parent=74079"}],"wp:term":[{"taxonomy":"category","embeddable":true,"href":"https:\/\/www.caririemacao.com\/1\/wp-json\/wp\/v2\/categories?post=74079"},{"taxonomy":"post_tag","embeddable":true,"href":"https:\/\/www.caririemacao.com\/1\/wp-json\/wp\/v2\/tags?post=74079"}],"curies":[{"name":"wp","href":"https:\/\/api.w.org\/{rel}","templated":true}]}}