{"id":74082,"date":"2018-11-23T15:24:33","date_gmt":"2018-11-23T18:24:33","guid":{"rendered":"http:\/\/www.caririemacao.com\/1\/?p=74082"},"modified":"2018-11-23T15:24:33","modified_gmt":"2018-11-23T18:24:33","slug":"black-friday-e-proibida-para-dentistas-diz-conselho-regional","status":"publish","type":"post","link":"https:\/\/www.caririemacao.com\/1\/2018\/11\/23\/black-friday-e-proibida-para-dentistas-diz-conselho-regional\/","title":{"rendered":"\u2018Black Friday\u2019 \u00e9 proibida para dentistas, diz Conselho Regional"},"content":{"rendered":"<p>Uma campanha do Conselho Regional de Odontologia (CRO-PB) busca conscientizar a popula\u00e7\u00e3o sobre promo\u00e7\u00f5es e publicidades relacionadas \u00e0 sa\u00fade bucal durante a Black Friday. Na Para\u00edba, este ano, 48 profissionais j\u00e1 foram notificados por infra\u00e7\u00e3o ao c\u00f3digo de \u00e9tica de Odontologia relacionadas \u00e0 promo\u00e7\u00e3o de servi\u00e7os de sa\u00fade como produto.<\/p>\n<p>Segundo a coordenadora de fiscaliza\u00e7\u00f5es do CRO-PB, Cariles Silva de Oliveira, as divulga\u00e7\u00f5es de descontos e promo\u00e7\u00f5es nunca foram permitidas, mas com a moda do Black Friday, ainda \u00e9 preciso ressaltar.<\/p>\n<p>\u201cNa verdade a publicidade odontol\u00f3gica \u00e9 regida por regras tanto na lei federal quanto no c\u00f3digo de estica. A divulga\u00e7\u00e3o de descontos, promo\u00e7\u00f5es e pre\u00e7os baixos nunca foi permitida. Como esse per\u00edodo do Black Friday se associa a descontos de produtos, tentamos fazer com que compreendam que qualquer publicidade nesse sentido significa a mercantiliza\u00e7\u00e3o da odontologia. O profissional presta um servi\u00e7o de sa\u00fade e sa\u00fade n\u00e3o \u00e9 mercadoria\u201d disse.<\/p>\n<p>Bruno Ferreira dos Santos, que tamb\u00e9m \u00e9 formado em Publicidade, confessa que foi pego de surpresa com algumas restri\u00e7\u00f5es para divulgar seu trabalho odontol\u00f3gico. \u201cNo inicio da carreira levei duas notifica\u00e7\u00f5es do CRO, porque o \u2018antes e depois\u2019 n\u00e3o \u00e9 permitido mesmo com a autoriza\u00e7\u00e3o do paciente e eu fazia. Acredito que a forma\u00e7\u00e3o acad\u00eamica ainda bate pouco nessa tecla. S\u00e3o pouqu\u00edssimas as aulas que ressaltam isso. Claro, n\u00e3o existe isso de Black Friday e promo\u00e7\u00f5es, porque isso \u00e9 algo fora da odontologia, mas acredito que a forma de divulga\u00e7\u00e3o do nosso trabalho poderia ser revista\u201d, concluiu.<\/p>\n<p>&nbsp;<\/p>\n<p>blog do gordinho<\/p>\n","protected":false},"excerpt":{"rendered":"<p>Uma campanha do Conselho Regional de Odontologia (CRO-PB) busca conscientizar a popula\u00e7\u00e3o sobre promo\u00e7\u00f5es e publicidades relacionadas \u00e0 sa\u00fade bucal durante a Black Friday. Na&hellip; <\/p>\n","protected":false},"author":1,"featured_media":74083,"comment_status":"closed","ping_status":"closed","sticky":false,"template":"","format":"standard","meta":{"sfsi_plus_gutenberg_text_before_share":"","sfsi_plus_gutenberg_show_text_before_share":"","sfsi_plus_gutenberg_icon_type":"","sfsi_plus_gutenberg_icon_alignemt":"","sfsi_plus_gutenburg_max_per_row":"","footnotes":""},"categories":[16],"tags":[],"class_list":["post-74082","post","type-post","status-publish","format-standard","has-post-thumbnail","hentry","category-saude"],"_links":{"self":[{"href":"https:\/\/www.caririemacao.com\/1\/wp-json\/wp\/v2\/posts\/74082","targetHints":{"allow":["GET"]}}],"collection":[{"href":"https:\/\/www.caririemacao.com\/1\/wp-json\/wp\/v2\/posts"}],"about":[{"href":"https:\/\/www.caririemacao.com\/1\/wp-json\/wp\/v2\/types\/post"}],"author":[{"embeddable":true,"href":"https:\/\/www.caririemacao.com\/1\/wp-json\/wp\/v2\/users\/1"}],"replies":[{"embeddable":true,"href":"https:\/\/www.caririemacao.com\/1\/wp-json\/wp\/v2\/comments?post=74082"}],"version-history":[{"count":1,"href":"https:\/\/www.caririemacao.com\/1\/wp-json\/wp\/v2\/posts\/74082\/revisions"}],"predecessor-version":[{"id":74084,"href":"https:\/\/www.caririemacao.com\/1\/wp-json\/wp\/v2\/posts\/74082\/revisions\/74084"}],"wp:featuredmedia":[{"embeddable":true,"href":"https:\/\/www.caririemacao.com\/1\/wp-json\/wp\/v2\/media\/74083"}],"wp:attachment":[{"href":"https:\/\/www.caririemacao.com\/1\/wp-json\/wp\/v2\/media?parent=74082"}],"wp:term":[{"taxonomy":"category","embeddable":true,"href":"https:\/\/www.caririemacao.com\/1\/wp-json\/wp\/v2\/categories?post=74082"},{"taxonomy":"post_tag","embeddable":true,"href":"https:\/\/www.caririemacao.com\/1\/wp-json\/wp\/v2\/tags?post=74082"}],"curies":[{"name":"wp","href":"https:\/\/api.w.org\/{rel}","templated":true}]}}